{"id":124,"date":"2021-09-05T15:27:48","date_gmt":"2021-09-05T13:27:48","guid":{"rendered":"https:\/\/icrspmaurice.org\/?p=124"},"modified":"2021-09-06T11:06:39","modified_gmt":"2021-09-06T09:06:39","slug":"15e-dimanche-apres-la-pentecote-le-mot-du-chanoine","status":"publish","type":"post","link":"https:\/\/icrspmaurice.org\/index.php\/2021\/09\/05\/15e-dimanche-apres-la-pentecote-le-mot-du-chanoine\/","title":{"rendered":"15e Dimanche apr\u00e8s la Pentec\u00f4te &#8211; Le mot du Chanoine"},"content":{"rendered":"<p>Durant le dernier chapitre g\u00e9n\u00e9ral de l\u2019Institut du Christ Roi Souverain Pr\u00eatre,&nbsp;Monseigneur Wach, notre Prieur G\u00e9n\u00e9ral, m\u2019a demand\u00e9 de prendre en charge l\u2019apostolat de&nbsp;l\u2019Institut \u00e0 l\u2019Ile Maurice. C\u2019est avec joie que je vais revenir vers vous, apr\u00e8s mon d\u00e9part un peu&nbsp;chaotique en mars dernier, lorsque j\u2019\u00e9tais venu remplacer Monsieur le Chanoine Meney, rentr\u00e9&nbsp;en France se reposer.<\/p>\n<p>Pour des raisons administratives, je ne pourrai pas arriver sur place avant&nbsp;plusieurs semaines. La lettre hebdomadaire me permettra de rester en contact avec vous&nbsp;durant ce temps. Ce site internet a \u00e9t\u00e9 cr\u00e9\u00e9 dans le m\u00eame but.<\/p>\n<p>L\u2019occasion m\u2019est donn\u00e9e ici de remercier mes pr\u00e9d\u00e9cesseurs, les Chanoines Moreau et&nbsp;Meney, pour leur dur labeur durant ces cinq derni\u00e8res ann\u00e9es. Ce travail n\u2019aurait pas non plus&nbsp;\u00e9t\u00e9 possible sans le d\u00e9vouement de Monsieur le Chanoine Montjean, qui, depuis l\u2019Angleterre,&nbsp;continuera cette mission et nous honorera de sa visite de temps \u00e0 autre.&nbsp;<\/p>\n<p>Je n\u2019oublie pas non plus dans mes remerciements notre \u00e9v\u00eaque, Son Eminence&nbsp;R\u00e9v\u00e9rendissime le Cardinal Piat, qui a g\u00e9n\u00e9reusement accueilli notre Institut depuis plusieurs&nbsp;ann\u00e9es dans son dioc\u00e8se.&nbsp;<\/p>\n<p>Je reste bien uni quotidiennement \u00e0 vous par la pri\u00e8re, et particuli\u00e8rement au cours du&nbsp;Saint Sacrifice de la Messe.<\/p>\n<p style=\"text-align: right;\">Chanoine V. Poucin de Wouilt<\/p>\n","protected":false},"excerpt":{"rendered":"<p>Durant le dernier chapitre g\u00e9n\u00e9ral de l\u2019Institut du Christ Roi Souverain Pr\u00eatre,&nbsp;Monseigneur Wach, notre Prieur G\u00e9n\u00e9ral, m\u2019a demand\u00e9 de prendre en charge l\u2019apostolat de&nbsp;l\u2019Institut \u00e0 l\u2019Ile Maurice. C\u2019est avec joie que je vais revenir vers vous, apr\u00e8s mon d\u00e9part un peu&nbsp;chaotique en mars dernier, lorsque j\u2019\u00e9tais venu remplacer Monsieur le Chanoine Meney, rentr\u00e9&nbsp;en France se &#8230; <a title=\"15e Dimanche apr\u00e8s la Pentec\u00f4te &#8211; Le mot du Chanoine\" class=\"read-more\" href=\"https:\/\/icrspmaurice.org\/index.php\/2021\/09\/05\/15e-dimanche-apres-la-pentecote-le-mot-du-chanoine\/\" aria-label=\"En savoir plus sur 15e Dimanche apr\u00e8s la Pentec\u00f4te &#8211; Le mot du Chanoine\">Lire la suite<\/a><\/p>\n","protected":false},"author":2,"featured_media":0,"comment_status":"closed","ping_status":"closed","sticky":false,"template":"","format":"standard","meta":{"ngg_post_thumbnail":0,"footnotes":"","_links_to":"","_links_to_target":""},"categories":[1],"tags":[],"yoast_head":"<!-- This site is optimized with the Yoast SEO plugin v22.6 - https:\/\/yoast.com\/wordpress\/plugins\/seo\/ -->\n<title>15e Dimanche apr\u00e8s la Pentec\u00f4te - Le mot du Chanoine - ICRSP MAURICE<\/title>\n<meta name=\"robots\" content=\"index, follow, max-snippet:-1, max-image-preview:large, max-video-preview:-1\" \/>\n<link rel=\"canonical\" href=\"https:\/\/icrspmaurice.org\/index.php\/2021\/09\/05\/15e-dimanche-apres-la-pentecote-le-mot-du-chanoine\/\" \/>\n<meta property=\"og:locale\" content=\"fr_FR\" \/>\n<meta property=\"og:type\" content=\"article\" \/>\n<meta property=\"og:title\" content=\"15e Dimanche apr\u00e8s la Pentec\u00f4te - Le mot du Chanoine - ICRSP MAURICE\" \/>\n<meta property=\"og:description\" content=\"Durant le dernier chapitre g\u00e9n\u00e9ral de l\u2019Institut du Christ Roi Souverain Pr\u00eatre,&nbsp;Monseigneur Wach, notre Prieur G\u00e9n\u00e9ral, m\u2019a demand\u00e9 de prendre en charge l\u2019apostolat de&nbsp;l\u2019Institut \u00e0 l\u2019Ile Maurice. C\u2019est avec joie que je vais revenir vers vous, apr\u00e8s mon d\u00e9part un peu&nbsp;chaotique en mars dernier, lorsque j\u2019\u00e9tais venu remplacer Monsieur le Chanoine Meney, rentr\u00e9&nbsp;en France se ... Lire la suite\" \/>\n<meta property=\"og:url\" content=\"https:\/\/icrspmaurice.org\/index.php\/2021\/09\/05\/15e-dimanche-apres-la-pentecote-le-mot-du-chanoine\/\" \/>\n<meta property=\"og:site_name\" content=\"ICRSP MAURICE\" \/>\n<meta property=\"article:published_time\" content=\"2021-09-05T13:27:48+00:00\" \/>\n<meta property=\"article:modified_time\" content=\"2021-09-06T09:06:39+00:00\" \/>\n<meta name=\"author\" content=\"Vianney Poucin\" \/>\n<meta name=\"twitter:card\" content=\"summary_large_image\" \/>\n<meta name=\"twitter:label1\" content=\"\u00c9crit par\" \/>\n\t<meta name=\"twitter:data1\" content=\"Vianney Poucin\" \/>\n\t<meta name=\"twitter:label2\" content=\"Dur\u00e9e de lecture estim\u00e9e\" \/>\n\t<meta name=\"twitter:data2\" content=\"1 minute\" \/>\n<script type=\"application\/ld+json\" class=\"yoast-schema-graph\">{\"@context\":\"https:\/\/schema.org\",\"@graph\":[{\"@type\":\"Article\",\"@id\":\"https:\/\/icrspmaurice.org\/index.php\/2021\/09\/05\/15e-dimanche-apres-la-pentecote-le-mot-du-chanoine\/#article\",\"isPartOf\":{\"@id\":\"https:\/\/icrspmaurice.org\/index.php\/2021\/09\/05\/15e-dimanche-apres-la-pentecote-le-mot-du-chanoine\/\"},\"author\":{\"name\":\"Vianney Poucin\",\"@id\":\"https:\/\/icrspmaurice.org\/#\/schema\/person\/7bcbdf0a264e7f8209a043d5506fc633\"},\"headline\":\"15e Dimanche apr\u00e8s la Pentec\u00f4te &#8211; Le mot du Chanoine\",\"datePublished\":\"2021-09-05T13:27:48+00:00\",\"dateModified\":\"2021-09-06T09:06:39+00:00\",\"mainEntityOfPage\":{\"@id\":\"https:\/\/icrspmaurice.org\/index.php\/2021\/09\/05\/15e-dimanche-apres-la-pentecote-le-mot-du-chanoine\/\"},\"wordCount\":263,\"publisher\":{\"@id\":\"https:\/\/icrspmaurice.org\/#organization\"},\"inLanguage\":\"fr-FR\"},{\"@type\":\"WebPage\",\"@id\":\"https:\/\/icrspmaurice.org\/index.php\/2021\/09\/05\/15e-dimanche-apres-la-pentecote-le-mot-du-chanoine\/\",\"url\":\"https:\/\/icrspmaurice.org\/index.php\/2021\/09\/05\/15e-dimanche-apres-la-pentecote-le-mot-du-chanoine\/\",\"name\":\"15e Dimanche apr\u00e8s la Pentec\u00f4te - Le mot du Chanoine - ICRSP MAURICE\",\"isPartOf\":{\"@id\":\"https:\/\/icrspmaurice.org\/#website\"},\"datePublished\":\"2021-09-05T13:27:48+00:00\",\"dateModified\":\"2021-09-06T09:06:39+00:00\",\"breadcrumb\":{\"@id\":\"https:\/\/icrspmaurice.org\/index.php\/2021\/09\/05\/15e-dimanche-apres-la-pentecote-le-mot-du-chanoine\/#breadcrumb\"},\"inLanguage\":\"fr-FR\",\"potentialAction\":[{\"@type\":\"ReadAction\",\"target\":[\"https:\/\/icrspmaurice.org\/index.php\/2021\/09\/05\/15e-dimanche-apres-la-pentecote-le-mot-du-chanoine\/\"]}]},{\"@type\":\"BreadcrumbList\",\"@id\":\"https:\/\/icrspmaurice.org\/index.php\/2021\/09\/05\/15e-dimanche-apres-la-pentecote-le-mot-du-chanoine\/#breadcrumb\",\"itemListElement\":[{\"@type\":\"ListItem\",\"position\":1,\"name\":\"Accueil\",\"item\":\"https:\/\/icrspmaurice.org\/\"},{\"@type\":\"ListItem\",\"position\":2,\"name\":\"15e Dimanche apr\u00e8s la Pentec\u00f4te &#8211; Le mot du Chanoine\"}]},{\"@type\":\"WebSite\",\"@id\":\"https:\/\/icrspmaurice.org\/#website\",\"url\":\"https:\/\/icrspmaurice.org\/\",\"name\":\"ICRSP MAURICE\",\"description\":\"Ile Maurice\",\"publisher\":{\"@id\":\"https:\/\/icrspmaurice.org\/#organization\"},\"potentialAction\":[{\"@type\":\"SearchAction\",\"target\":{\"@type\":\"EntryPoint\",\"urlTemplate\":\"https:\/\/icrspmaurice.org\/?s={search_term_string}\"},\"query-input\":\"required name=search_term_string\"}],\"inLanguage\":\"fr-FR\"},{\"@type\":\"Organization\",\"@id\":\"https:\/\/icrspmaurice.org\/#organization\",\"name\":\"ICRSP MAURICE\",\"url\":\"https:\/\/icrspmaurice.org\/\",\"logo\":{\"@type\":\"ImageObject\",\"inLanguage\":\"fr-FR\",\"@id\":\"https:\/\/icrspmaurice.org\/#\/schema\/logo\/image\/\",\"url\":\"https:\/\/icrspmaurice.org\/wp-content\/uploads\/2021\/08\/Institute-Crest.png\",\"contentUrl\":\"https:\/\/icrspmaurice.org\/wp-content\/uploads\/2021\/08\/Institute-Crest.png\",\"width\":288,\"height\":335,\"caption\":\"ICRSP MAURICE\"},\"image\":{\"@id\":\"https:\/\/icrspmaurice.org\/#\/schema\/logo\/image\/\"}},{\"@type\":\"Person\",\"@id\":\"https:\/\/icrspmaurice.org\/#\/schema\/person\/7bcbdf0a264e7f8209a043d5506fc633\",\"name\":\"Vianney Poucin\",\"image\":{\"@type\":\"ImageObject\",\"inLanguage\":\"fr-FR\",\"@id\":\"https:\/\/icrspmaurice.org\/#\/schema\/person\/image\/\",\"url\":\"https:\/\/secure.gravatar.com\/avatar\/a41f55bda54c148ed674ddef4b20000b?s=96&d=mm&r=g\",\"contentUrl\":\"https:\/\/secure.gravatar.com\/avatar\/a41f55bda54c148ed674ddef4b20000b?s=96&d=mm&r=g\",\"caption\":\"Vianney Poucin\"},\"url\":\"https:\/\/icrspmaurice.org\/index.php\/author\/vpoucin\/\"}]}<\/script>\n<!-- \/ Yoast SEO plugin. -->","yoast_head_json":{"title":"15e Dimanche apr\u00e8s la Pentec\u00f4te - Le mot du Chanoine - ICRSP MAURICE","robots":{"index":"index","follow":"follow","max-snippet":"max-snippet:-1","max-image-preview":"max-image-preview:large","max-video-preview":"max-video-preview:-1"},"canonical":"https:\/\/icrspmaurice.org\/index.php\/2021\/09\/05\/15e-dimanche-apres-la-pentecote-le-mot-du-chanoine\/","og_locale":"fr_FR","og_type":"article","og_title":"15e Dimanche apr\u00e8s la Pentec\u00f4te - Le mot du Chanoine - ICRSP MAURICE","og_description":"Durant le dernier chapitre g\u00e9n\u00e9ral de l\u2019Institut du Christ Roi Souverain Pr\u00eatre,&nbsp;Monseigneur Wach, notre Prieur G\u00e9n\u00e9ral, m\u2019a demand\u00e9 de prendre en charge l\u2019apostolat de&nbsp;l\u2019Institut \u00e0 l\u2019Ile Maurice. C\u2019est avec joie que je vais revenir vers vous, apr\u00e8s mon d\u00e9part un peu&nbsp;chaotique en mars dernier, lorsque j\u2019\u00e9tais venu remplacer Monsieur le Chanoine Meney, rentr\u00e9&nbsp;en France se ... Lire la suite","og_url":"https:\/\/icrspmaurice.org\/index.php\/2021\/09\/05\/15e-dimanche-apres-la-pentecote-le-mot-du-chanoine\/","og_site_name":"ICRSP MAURICE","article_published_time":"2021-09-05T13:27:48+00:00","article_modified_time":"2021-09-06T09:06:39+00:00","author":"Vianney Poucin","twitter_card":"summary_large_image","twitter_misc":{"\u00c9crit par":"Vianney Poucin","Dur\u00e9e de lecture estim\u00e9e":"1 minute"},"schema":{"@context":"https:\/\/schema.org","@graph":[{"@type":"Article","@id":"https:\/\/icrspmaurice.org\/index.php\/2021\/09\/05\/15e-dimanche-apres-la-pentecote-le-mot-du-chanoine\/#article","isPartOf":{"@id":"https:\/\/icrspmaurice.org\/index.php\/2021\/09\/05\/15e-dimanche-apres-la-pentecote-le-mot-du-chanoine\/"},"author":{"name":"Vianney Poucin","@id":"https:\/\/icrspmaurice.org\/#\/schema\/person\/7bcbdf0a264e7f8209a043d5506fc633"},"headline":"15e Dimanche apr\u00e8s la Pentec\u00f4te &#8211; Le mot du Chanoine","datePublished":"2021-09-05T13:27:48+00:00","dateModified":"2021-09-06T09:06:39+00:00","mainEntityOfPage":{"@id":"https:\/\/icrspmaurice.org\/index.php\/2021\/09\/05\/15e-dimanche-apres-la-pentecote-le-mot-du-chanoine\/"},"wordCount":263,"publisher":{"@id":"https:\/\/icrspmaurice.org\/#organization"},"inLanguage":"fr-FR"},{"@type":"WebPage","@id":"https:\/\/icrspmaurice.org\/index.php\/2021\/09\/05\/15e-dimanche-apres-la-pentecote-le-mot-du-chanoine\/","url":"https:\/\/icrspmaurice.org\/index.php\/2021\/09\/05\/15e-dimanche-apres-la-pentecote-le-mot-du-chanoine\/","name":"15e Dimanche apr\u00e8s la Pentec\u00f4te - Le mot du Chanoine - ICRSP MAURICE","isPartOf":{"@id":"https:\/\/icrspmaurice.org\/#website"},"datePublished":"2021-09-05T13:27:48+00:00","dateModified":"2021-09-06T09:06:39+00:00","breadcrumb":{"@id":"https:\/\/icrspmaurice.org\/index.php\/2021\/09\/05\/15e-dimanche-apres-la-pentecote-le-mot-du-chanoine\/#breadcrumb"},"inLanguage":"fr-FR","potentialAction":[{"@type":"ReadAction","target":["https:\/\/icrspmaurice.org\/index.php\/2021\/09\/05\/15e-dimanche-apres-la-pentecote-le-mot-du-chanoine\/"]}]},{"@type":"BreadcrumbList","@id":"https:\/\/icrspmaurice.org\/index.php\/2021\/09\/05\/15e-dimanche-apres-la-pentecote-le-mot-du-chanoine\/#breadcrumb","itemListElement":[{"@type":"ListItem","position":1,"name":"Accueil","item":"https:\/\/icrspmaurice.org\/"},{"@type":"ListItem","position":2,"name":"15e Dimanche apr\u00e8s la Pentec\u00f4te &#8211; Le mot du Chanoine"}]},{"@type":"WebSite","@id":"https:\/\/icrspmaurice.org\/#website","url":"https:\/\/icrspmaurice.org\/","name":"ICRSP MAURICE","description":"Ile Maurice","publisher":{"@id":"https:\/\/icrspmaurice.org\/#organization"},"potentialAction":[{"@type":"SearchAction","target":{"@type":"EntryPoint","urlTemplate":"https:\/\/icrspmaurice.org\/?s={search_term_string}"},"query-input":"required name=search_term_string"}],"inLanguage":"fr-FR"},{"@type":"Organization","@id":"https:\/\/icrspmaurice.org\/#organization","name":"ICRSP MAURICE","url":"https:\/\/icrspmaurice.org\/","logo":{"@type":"ImageObject","inLanguage":"fr-FR","@id":"https:\/\/icrspmaurice.org\/#\/schema\/logo\/image\/","url":"https:\/\/icrspmaurice.org\/wp-content\/uploads\/2021\/08\/Institute-Crest.png","contentUrl":"https:\/\/icrspmaurice.org\/wp-content\/uploads\/2021\/08\/Institute-Crest.png","width":288,"height":335,"caption":"ICRSP MAURICE"},"image":{"@id":"https:\/\/icrspmaurice.org\/#\/schema\/logo\/image\/"}},{"@type":"Person","@id":"https:\/\/icrspmaurice.org\/#\/schema\/person\/7bcbdf0a264e7f8209a043d5506fc633","name":"Vianney Poucin","image":{"@type":"ImageObject","inLanguage":"fr-FR","@id":"https:\/\/icrspmaurice.org\/#\/schema\/person\/image\/","url":"https:\/\/secure.gravatar.com\/avatar\/a41f55bda54c148ed674ddef4b20000b?s=96&d=mm&r=g","contentUrl":"https:\/\/secure.gravatar.com\/avatar\/a41f55bda54c148ed674ddef4b20000b?s=96&d=mm&r=g","caption":"Vianney Poucin"},"url":"https:\/\/icrspmaurice.org\/index.php\/author\/vpoucin\/"}]}},"_links":{"self":[{"href":"https:\/\/icrspmaurice.org\/index.php\/wp-json\/wp\/v2\/posts\/124"}],"collection":[{"href":"https:\/\/icrspmaurice.org\/index.php\/wp-json\/wp\/v2\/posts"}],"about":[{"href":"https:\/\/icrspmaurice.org\/index.php\/wp-json\/wp\/v2\/types\/post"}],"author":[{"embeddable":true,"href":"https:\/\/icrspmaurice.org\/index.php\/wp-json\/wp\/v2\/users\/2"}],"replies":[{"embeddable":true,"href":"https:\/\/icrspmaurice.org\/index.php\/wp-json\/wp\/v2\/comments?post=124"}],"version-history":[{"count":3,"href":"https:\/\/icrspmaurice.org\/index.php\/wp-json\/wp\/v2\/posts\/124\/revisions"}],"predecessor-version":[{"id":127,"href":"https:\/\/icrspmaurice.org\/index.php\/wp-json\/wp\/v2\/posts\/124\/revisions\/127"}],"wp:attachment":[{"href":"https:\/\/icrspmaurice.org\/index.php\/wp-json\/wp\/v2\/media?parent=124"}],"wp:term":[{"taxonomy":"category","embeddable":true,"href":"https:\/\/icrspmaurice.org\/index.php\/wp-json\/wp\/v2\/categories?post=124"},{"taxonomy":"post_tag","embeddable":true,"href":"https:\/\/icrspmaurice.org\/index.php\/wp-json\/wp\/v2\/tags?post=124"}],"curies":[{"name":"wp","href":"https:\/\/api.w.org\/{rel}","templated":true}]}}