{"id":132,"date":"2021-09-12T09:08:28","date_gmt":"2021-09-12T07:08:28","guid":{"rendered":"https:\/\/icrspmaurice.org\/?p=132"},"modified":"2021-09-12T09:08:28","modified_gmt":"2021-09-12T07:08:28","slug":"16e-dimanche-apres-la-pentecote-le-mot-du-chanoine","status":"publish","type":"post","link":"https:\/\/icrspmaurice.org\/index.php\/2021\/09\/12\/16e-dimanche-apres-la-pentecote-le-mot-du-chanoine\/","title":{"rendered":"16e Dimanche apr\u00e8s la Pentec\u00f4te \u2013 Le mot du Chanoine"},"content":{"rendered":"<p>Bien chers fid\u00e8les,<\/p>\n<p>Deux f\u00eates liturgiques d\u2019une certaine importance vont marquer notre semaine: l\u2019Exaltation de la Sainte Croix et Notre-Dame des Sept Douleurs.<\/p>\n<p>Ecoutons le Pape Saint L\u00e9on, que nous lirons au br\u00e9viaire:<\/p>\n<p>\u00ab&nbsp;A la vue du Christ \u00e9lev\u00e9 en croix, il ne faut pas, mes bien-aim\u00e9s, que votre pens\u00e9e s\u2019arr\u00eate \u00e0 ce seul aspect ext\u00e9rieur qui frappa les yeux des impies, auxquels il a \u00e9t\u00e9 dit par Mo\u00efse&nbsp;: \u00ab&nbsp;Ta vie sera comme en suspens devant tes yeux, et tu craindras jour et nuit, et tu ne croiras pas \u00e0 ta vie.&nbsp;\u00bb En effet, \u00e0 la vue du Seigneur en Croix, les impies ne pouvaient apercevoir en lui autre chose que leur crime&nbsp;; ils trembl\u00e8rent de crainte, non pas de la crainte qui justifie dans la vraie foi, mais de celle qui torture une conscience coupable. Pour nous, ayant l\u2019intelligence \u00e9clair\u00e9e par l\u2019esprit de v\u00e9rit\u00e9, embrassons d\u2019un c\u0153ur pur et libre la Croix dont la gloire resplendit au ciel et sur la terre, et appliquons toute l\u2019attention de notre \u00e2me \u00e0 p\u00e9n\u00e9trer le myst\u00e8re que le Seigneur, parlant de sa passion prochaine, annon\u00e7ait ainsi&nbsp;: \u00ab&nbsp;C\u2019est maintenant le jugement du monde, maintenant le prince de ce monde sera jet\u00e9 dehors. Et moi, quand j\u2019aurai \u00e9t\u00e9 \u00e9lev\u00e9 de terre, j\u2019attirerai tout \u00e0 moi.&nbsp;&nbsp;\u00bb<\/p>\n<p>La Sainte Liturgie nous laisse contempler notre Dieu Sauveur, expirant sur la Sainte Croix pour notre Salut, puis, le jour suivant, se tourne vers Notre M\u00e8re du Ciel, qui a partag\u00e9 silencieusement dans son c\u0153ur cet oc\u00e9an de douleur. Elle le savait depuis la proph\u00e9tie du vieillard Sim\u00e9on, au jour de la Pr\u00e9sentation du Seigneur. La proph\u00e9tie c\u2019est r\u00e9alis\u00e9e sept fois au cours de la vie de Notre Dame:<\/p>\n<ul>\n<li class=\"O1\">1.La proph\u00e9tie du saint vieillard Sim\u00e9on.<\/li>\n<li class=\"O1\">2.La fuite en Egypte.<\/li>\n<li class=\"O1\">3.La disparition de J\u00e9sus au Temple pendant trois jours.<\/li>\n<li class=\"O1\">4.La rencontre de J\u00e9sus portant Sa croix et montant au Calvaire.<\/li>\n<li class=\"O1\">5.Marie debout au pied de la croix.<\/li>\n<li class=\"O1\">6.La descente de J\u00e9sus de la croix et la remise \u00e0 Sa M\u00e8re.<\/li>\n<li class=\"O1\">7.L\u2019ensevelissement de J\u00e9sus dans le s\u00e9pulcre.<\/li>\n<\/ul>\n<p>La tr\u00e8s Sainte Vierge s\u2019est plue \u00e0 manifester au monde combien la d\u00e9votion \u00e0 ses douleurs infinies lui \u00e9tait agr\u00e9able et nous \u00e9tait salutaire. A plusieurs reprises, elle est venue stimuler la foi et la pi\u00e9t\u00e9 des fid\u00e8les en apparaissant toute inond\u00e9e de larmes, dans diff\u00e9rents pays. Citons par exemple l\u2019apparition de Notre-Dame de La Salette, en France, en 1846, la manifestation des larmes de la Vierge de Quito, en Equateur, celle de Notre-Dame des Sept-Douleurs de Campocavallo, \u00e0 Osimo, en Italie.<\/p>\n<p>Contemplons dans les bras de Marie, l\u2019Homme-Dieu crucifi\u00e9 pour nos iniquit\u00e9s et compatissons aux douleurs excessives de notre M\u00e8re du ciel. Joignons nos larmes aux siennes et d\u00e9testons nos p\u00e9ch\u00e9s qui ayant provoqu\u00e9 la mort de son divin Fils, ont \u00e9galement \u00e9t\u00e9 la cause de son intime martyre. Prions-la de nous obtenir du Sauveur les gr\u00e2ces n\u00e9cessaires pour profiter de ses exemples et imiter Ses vertus lorsqu\u2019Il Lui plaira de nous faire part de ses humiliations, de ses douleurs et de sa croix.<\/p>\n<p>Chanoine V. Poucin de Wouilt<\/p>\n","protected":false},"excerpt":{"rendered":"<p>Bien chers fid\u00e8les, Deux f\u00eates liturgiques d\u2019une certaine importance vont marquer notre semaine: l\u2019Exaltation de la Sainte Croix et Notre-Dame des Sept Douleurs. Ecoutons le Pape Saint L\u00e9on, que nous lirons au br\u00e9viaire: \u00ab&nbsp;A la vue du Christ \u00e9lev\u00e9 en croix, il ne faut pas, mes bien-aim\u00e9s, que votre pens\u00e9e s\u2019arr\u00eate \u00e0 ce seul aspect &#8230; <a title=\"16e Dimanche apr\u00e8s la Pentec\u00f4te \u2013 Le mot du Chanoine\" class=\"read-more\" href=\"https:\/\/icrspmaurice.org\/index.php\/2021\/09\/12\/16e-dimanche-apres-la-pentecote-le-mot-du-chanoine\/\" aria-label=\"En savoir plus sur 16e Dimanche apr\u00e8s la Pentec\u00f4te \u2013 Le mot du Chanoine\">Lire la suite<\/a><\/p>\n","protected":false},"author":2,"featured_media":0,"comment_status":"closed","ping_status":"closed","sticky":false,"template":"","format":"standard","meta":{"ngg_post_thumbnail":0,"footnotes":"","_links_to":"","_links_to_target":""},"categories":[1],"tags":[],"yoast_head":"<!-- This site is optimized with the Yoast SEO plugin v22.6 - https:\/\/yoast.com\/wordpress\/plugins\/seo\/ -->\n<title>16e Dimanche apr\u00e8s la Pentec\u00f4te \u2013 Le mot du Chanoine - ICRSP MAURICE<\/title>\n<meta name=\"robots\" content=\"index, follow, max-snippet:-1, max-image-preview:large, max-video-preview:-1\" \/>\n<link rel=\"canonical\" href=\"https:\/\/icrspmaurice.org\/index.php\/2021\/09\/12\/16e-dimanche-apres-la-pentecote-le-mot-du-chanoine\/\" \/>\n<meta property=\"og:locale\" content=\"fr_FR\" \/>\n<meta property=\"og:type\" content=\"article\" \/>\n<meta property=\"og:title\" content=\"16e Dimanche apr\u00e8s la Pentec\u00f4te \u2013 Le mot du Chanoine - ICRSP MAURICE\" \/>\n<meta property=\"og:description\" content=\"Bien chers fid\u00e8les, Deux f\u00eates liturgiques d\u2019une certaine importance vont marquer notre semaine: l\u2019Exaltation de la Sainte Croix et Notre-Dame des Sept Douleurs. Ecoutons le Pape Saint L\u00e9on, que nous lirons au br\u00e9viaire: \u00ab&nbsp;A la vue du Christ \u00e9lev\u00e9 en croix, il ne faut pas, mes bien-aim\u00e9s, que votre pens\u00e9e s\u2019arr\u00eate \u00e0 ce seul aspect ... Lire la suite\" \/>\n<meta property=\"og:url\" content=\"https:\/\/icrspmaurice.org\/index.php\/2021\/09\/12\/16e-dimanche-apres-la-pentecote-le-mot-du-chanoine\/\" \/>\n<meta property=\"og:site_name\" content=\"ICRSP MAURICE\" \/>\n<meta property=\"article:published_time\" content=\"2021-09-12T07:08:28+00:00\" \/>\n<meta name=\"author\" content=\"Vianney Poucin\" \/>\n<meta name=\"twitter:card\" content=\"summary_large_image\" \/>\n<meta name=\"twitter:label1\" content=\"\u00c9crit par\" \/>\n\t<meta name=\"twitter:data1\" content=\"Vianney Poucin\" \/>\n\t<meta name=\"twitter:label2\" content=\"Dur\u00e9e de lecture estim\u00e9e\" \/>\n\t<meta name=\"twitter:data2\" content=\"3 minutes\" \/>\n<script type=\"application\/ld+json\" class=\"yoast-schema-graph\">{\"@context\":\"https:\/\/schema.org\",\"@graph\":[{\"@type\":\"Article\",\"@id\":\"https:\/\/icrspmaurice.org\/index.php\/2021\/09\/12\/16e-dimanche-apres-la-pentecote-le-mot-du-chanoine\/#article\",\"isPartOf\":{\"@id\":\"https:\/\/icrspmaurice.org\/index.php\/2021\/09\/12\/16e-dimanche-apres-la-pentecote-le-mot-du-chanoine\/\"},\"author\":{\"name\":\"Vianney Poucin\",\"@id\":\"https:\/\/icrspmaurice.org\/#\/schema\/person\/7bcbdf0a264e7f8209a043d5506fc633\"},\"headline\":\"16e Dimanche apr\u00e8s la Pentec\u00f4te \u2013 Le mot du Chanoine\",\"datePublished\":\"2021-09-12T07:08:28+00:00\",\"dateModified\":\"2021-09-12T07:08:28+00:00\",\"mainEntityOfPage\":{\"@id\":\"https:\/\/icrspmaurice.org\/index.php\/2021\/09\/12\/16e-dimanche-apres-la-pentecote-le-mot-du-chanoine\/\"},\"wordCount\":580,\"publisher\":{\"@id\":\"https:\/\/icrspmaurice.org\/#organization\"},\"inLanguage\":\"fr-FR\"},{\"@type\":\"WebPage\",\"@id\":\"https:\/\/icrspmaurice.org\/index.php\/2021\/09\/12\/16e-dimanche-apres-la-pentecote-le-mot-du-chanoine\/\",\"url\":\"https:\/\/icrspmaurice.org\/index.php\/2021\/09\/12\/16e-dimanche-apres-la-pentecote-le-mot-du-chanoine\/\",\"name\":\"16e Dimanche apr\u00e8s la Pentec\u00f4te \u2013 Le mot du Chanoine - ICRSP MAURICE\",\"isPartOf\":{\"@id\":\"https:\/\/icrspmaurice.org\/#website\"},\"datePublished\":\"2021-09-12T07:08:28+00:00\",\"dateModified\":\"2021-09-12T07:08:28+00:00\",\"breadcrumb\":{\"@id\":\"https:\/\/icrspmaurice.org\/index.php\/2021\/09\/12\/16e-dimanche-apres-la-pentecote-le-mot-du-chanoine\/#breadcrumb\"},\"inLanguage\":\"fr-FR\",\"potentialAction\":[{\"@type\":\"ReadAction\",\"target\":[\"https:\/\/icrspmaurice.org\/index.php\/2021\/09\/12\/16e-dimanche-apres-la-pentecote-le-mot-du-chanoine\/\"]}]},{\"@type\":\"BreadcrumbList\",\"@id\":\"https:\/\/icrspmaurice.org\/index.php\/2021\/09\/12\/16e-dimanche-apres-la-pentecote-le-mot-du-chanoine\/#breadcrumb\",\"itemListElement\":[{\"@type\":\"ListItem\",\"position\":1,\"name\":\"Accueil\",\"item\":\"https:\/\/icrspmaurice.org\/\"},{\"@type\":\"ListItem\",\"position\":2,\"name\":\"16e Dimanche apr\u00e8s la Pentec\u00f4te \u2013 Le mot du Chanoine\"}]},{\"@type\":\"WebSite\",\"@id\":\"https:\/\/icrspmaurice.org\/#website\",\"url\":\"https:\/\/icrspmaurice.org\/\",\"name\":\"ICRSP MAURICE\",\"description\":\"Ile Maurice\",\"publisher\":{\"@id\":\"https:\/\/icrspmaurice.org\/#organization\"},\"potentialAction\":[{\"@type\":\"SearchAction\",\"target\":{\"@type\":\"EntryPoint\",\"urlTemplate\":\"https:\/\/icrspmaurice.org\/?s={search_term_string}\"},\"query-input\":\"required name=search_term_string\"}],\"inLanguage\":\"fr-FR\"},{\"@type\":\"Organization\",\"@id\":\"https:\/\/icrspmaurice.org\/#organization\",\"name\":\"ICRSP MAURICE\",\"url\":\"https:\/\/icrspmaurice.org\/\",\"logo\":{\"@type\":\"ImageObject\",\"inLanguage\":\"fr-FR\",\"@id\":\"https:\/\/icrspmaurice.org\/#\/schema\/logo\/image\/\",\"url\":\"https:\/\/icrspmaurice.org\/wp-content\/uploads\/2021\/08\/Institute-Crest.png\",\"contentUrl\":\"https:\/\/icrspmaurice.org\/wp-content\/uploads\/2021\/08\/Institute-Crest.png\",\"width\":288,\"height\":335,\"caption\":\"ICRSP MAURICE\"},\"image\":{\"@id\":\"https:\/\/icrspmaurice.org\/#\/schema\/logo\/image\/\"}},{\"@type\":\"Person\",\"@id\":\"https:\/\/icrspmaurice.org\/#\/schema\/person\/7bcbdf0a264e7f8209a043d5506fc633\",\"name\":\"Vianney Poucin\",\"image\":{\"@type\":\"ImageObject\",\"inLanguage\":\"fr-FR\",\"@id\":\"https:\/\/icrspmaurice.org\/#\/schema\/person\/image\/\",\"url\":\"https:\/\/secure.gravatar.com\/avatar\/a41f55bda54c148ed674ddef4b20000b?s=96&d=mm&r=g\",\"contentUrl\":\"https:\/\/secure.gravatar.com\/avatar\/a41f55bda54c148ed674ddef4b20000b?s=96&d=mm&r=g\",\"caption\":\"Vianney Poucin\"},\"url\":\"https:\/\/icrspmaurice.org\/index.php\/author\/vpoucin\/\"}]}<\/script>\n<!-- \/ Yoast SEO plugin. -->","yoast_head_json":{"title":"16e Dimanche apr\u00e8s la Pentec\u00f4te \u2013 Le mot du Chanoine - ICRSP MAURICE","robots":{"index":"index","follow":"follow","max-snippet":"max-snippet:-1","max-image-preview":"max-image-preview:large","max-video-preview":"max-video-preview:-1"},"canonical":"https:\/\/icrspmaurice.org\/index.php\/2021\/09\/12\/16e-dimanche-apres-la-pentecote-le-mot-du-chanoine\/","og_locale":"fr_FR","og_type":"article","og_title":"16e Dimanche apr\u00e8s la Pentec\u00f4te \u2013 Le mot du Chanoine - ICRSP MAURICE","og_description":"Bien chers fid\u00e8les, Deux f\u00eates liturgiques d\u2019une certaine importance vont marquer notre semaine: l\u2019Exaltation de la Sainte Croix et Notre-Dame des Sept Douleurs. Ecoutons le Pape Saint L\u00e9on, que nous lirons au br\u00e9viaire: \u00ab&nbsp;A la vue du Christ \u00e9lev\u00e9 en croix, il ne faut pas, mes bien-aim\u00e9s, que votre pens\u00e9e s\u2019arr\u00eate \u00e0 ce seul aspect ... Lire la suite","og_url":"https:\/\/icrspmaurice.org\/index.php\/2021\/09\/12\/16e-dimanche-apres-la-pentecote-le-mot-du-chanoine\/","og_site_name":"ICRSP MAURICE","article_published_time":"2021-09-12T07:08:28+00:00","author":"Vianney Poucin","twitter_card":"summary_large_image","twitter_misc":{"\u00c9crit par":"Vianney Poucin","Dur\u00e9e de lecture estim\u00e9e":"3 minutes"},"schema":{"@context":"https:\/\/schema.org","@graph":[{"@type":"Article","@id":"https:\/\/icrspmaurice.org\/index.php\/2021\/09\/12\/16e-dimanche-apres-la-pentecote-le-mot-du-chanoine\/#article","isPartOf":{"@id":"https:\/\/icrspmaurice.org\/index.php\/2021\/09\/12\/16e-dimanche-apres-la-pentecote-le-mot-du-chanoine\/"},"author":{"name":"Vianney Poucin","@id":"https:\/\/icrspmaurice.org\/#\/schema\/person\/7bcbdf0a264e7f8209a043d5506fc633"},"headline":"16e Dimanche apr\u00e8s la Pentec\u00f4te \u2013 Le mot du Chanoine","datePublished":"2021-09-12T07:08:28+00:00","dateModified":"2021-09-12T07:08:28+00:00","mainEntityOfPage":{"@id":"https:\/\/icrspmaurice.org\/index.php\/2021\/09\/12\/16e-dimanche-apres-la-pentecote-le-mot-du-chanoine\/"},"wordCount":580,"publisher":{"@id":"https:\/\/icrspmaurice.org\/#organization"},"inLanguage":"fr-FR"},{"@type":"WebPage","@id":"https:\/\/icrspmaurice.org\/index.php\/2021\/09\/12\/16e-dimanche-apres-la-pentecote-le-mot-du-chanoine\/","url":"https:\/\/icrspmaurice.org\/index.php\/2021\/09\/12\/16e-dimanche-apres-la-pentecote-le-mot-du-chanoine\/","name":"16e Dimanche apr\u00e8s la Pentec\u00f4te \u2013 Le mot du Chanoine - ICRSP MAURICE","isPartOf":{"@id":"https:\/\/icrspmaurice.org\/#website"},"datePublished":"2021-09-12T07:08:28+00:00","dateModified":"2021-09-12T07:08:28+00:00","breadcrumb":{"@id":"https:\/\/icrspmaurice.org\/index.php\/2021\/09\/12\/16e-dimanche-apres-la-pentecote-le-mot-du-chanoine\/#breadcrumb"},"inLanguage":"fr-FR","potentialAction":[{"@type":"ReadAction","target":["https:\/\/icrspmaurice.org\/index.php\/2021\/09\/12\/16e-dimanche-apres-la-pentecote-le-mot-du-chanoine\/"]}]},{"@type":"BreadcrumbList","@id":"https:\/\/icrspmaurice.org\/index.php\/2021\/09\/12\/16e-dimanche-apres-la-pentecote-le-mot-du-chanoine\/#breadcrumb","itemListElement":[{"@type":"ListItem","position":1,"name":"Accueil","item":"https:\/\/icrspmaurice.org\/"},{"@type":"ListItem","position":2,"name":"16e Dimanche apr\u00e8s la Pentec\u00f4te \u2013 Le mot du Chanoine"}]},{"@type":"WebSite","@id":"https:\/\/icrspmaurice.org\/#website","url":"https:\/\/icrspmaurice.org\/","name":"ICRSP MAURICE","description":"Ile Maurice","publisher":{"@id":"https:\/\/icrspmaurice.org\/#organization"},"potentialAction":[{"@type":"SearchAction","target":{"@type":"EntryPoint","urlTemplate":"https:\/\/icrspmaurice.org\/?s={search_term_string}"},"query-input":"required name=search_term_string"}],"inLanguage":"fr-FR"},{"@type":"Organization","@id":"https:\/\/icrspmaurice.org\/#organization","name":"ICRSP MAURICE","url":"https:\/\/icrspmaurice.org\/","logo":{"@type":"ImageObject","inLanguage":"fr-FR","@id":"https:\/\/icrspmaurice.org\/#\/schema\/logo\/image\/","url":"https:\/\/icrspmaurice.org\/wp-content\/uploads\/2021\/08\/Institute-Crest.png","contentUrl":"https:\/\/icrspmaurice.org\/wp-content\/uploads\/2021\/08\/Institute-Crest.png","width":288,"height":335,"caption":"ICRSP MAURICE"},"image":{"@id":"https:\/\/icrspmaurice.org\/#\/schema\/logo\/image\/"}},{"@type":"Person","@id":"https:\/\/icrspmaurice.org\/#\/schema\/person\/7bcbdf0a264e7f8209a043d5506fc633","name":"Vianney Poucin","image":{"@type":"ImageObject","inLanguage":"fr-FR","@id":"https:\/\/icrspmaurice.org\/#\/schema\/person\/image\/","url":"https:\/\/secure.gravatar.com\/avatar\/a41f55bda54c148ed674ddef4b20000b?s=96&d=mm&r=g","contentUrl":"https:\/\/secure.gravatar.com\/avatar\/a41f55bda54c148ed674ddef4b20000b?s=96&d=mm&r=g","caption":"Vianney Poucin"},"url":"https:\/\/icrspmaurice.org\/index.php\/author\/vpoucin\/"}]}},"_links":{"self":[{"href":"https:\/\/icrspmaurice.org\/index.php\/wp-json\/wp\/v2\/posts\/132"}],"collection":[{"href":"https:\/\/icrspmaurice.org\/index.php\/wp-json\/wp\/v2\/posts"}],"about":[{"href":"https:\/\/icrspmaurice.org\/index.php\/wp-json\/wp\/v2\/types\/post"}],"author":[{"embeddable":true,"href":"https:\/\/icrspmaurice.org\/index.php\/wp-json\/wp\/v2\/users\/2"}],"replies":[{"embeddable":true,"href":"https:\/\/icrspmaurice.org\/index.php\/wp-json\/wp\/v2\/comments?post=132"}],"version-history":[{"count":1,"href":"https:\/\/icrspmaurice.org\/index.php\/wp-json\/wp\/v2\/posts\/132\/revisions"}],"predecessor-version":[{"id":133,"href":"https:\/\/icrspmaurice.org\/index.php\/wp-json\/wp\/v2\/posts\/132\/revisions\/133"}],"wp:attachment":[{"href":"https:\/\/icrspmaurice.org\/index.php\/wp-json\/wp\/v2\/media?parent=132"}],"wp:term":[{"taxonomy":"category","embeddable":true,"href":"https:\/\/icrspmaurice.org\/index.php\/wp-json\/wp\/v2\/categories?post=132"},{"taxonomy":"post_tag","embeddable":true,"href":"https:\/\/icrspmaurice.org\/index.php\/wp-json\/wp\/v2\/tags?post=132"}],"curies":[{"name":"wp","href":"https:\/\/api.w.org\/{rel}","templated":true}]}}