{"id":157,"date":"2021-10-03T09:26:55","date_gmt":"2021-10-03T07:26:55","guid":{"rendered":"https:\/\/icrspmaurice.org\/?p=157"},"modified":"2021-10-03T09:26:55","modified_gmt":"2021-10-03T07:26:55","slug":"solennite-de-notre-dame-du-rosaire-le-mot-du-chanoine","status":"publish","type":"post","link":"https:\/\/icrspmaurice.org\/index.php\/2021\/10\/03\/solennite-de-notre-dame-du-rosaire-le-mot-du-chanoine\/","title":{"rendered":"Solennit\u00e9 de Notre Dame du Rosaire &#8211; Le mot du Chanoine"},"content":{"rendered":"<p>Chers Fid\u00e8les<\/p>\n<p>La F\u00eate de Notre Dame du Tr\u00e8s Saint Rosaire, propre \u00e0 l&rsquo;\u00c9glise d&rsquo;Occident, fut institu\u00e9e par&nbsp;saint Pie V&nbsp;pour comm\u00e9morer la victoire de L\u00e9pante qui repousse l&rsquo;invasion turque (7 octobre 1571). Elle est alors \u00ab\u00a0Notre-Dame de la Victoire\u00a0\u00bb. Vingt-et-un ans plus tard, le pape Gr\u00e9goire XIII&nbsp;lui donne son nom actuel. Le pape Cl\u00e9ment XI l&rsquo;\u00e9tend \u00e0 l&rsquo;\u00c9glise catholique toute enti\u00e8re en raison de&nbsp;la victoire remport\u00e9e sur les turcs le 5 ao\u00fbt 1716 \u00e0 Petrovaradin\/Peterwardein (auj. en Serbie).<\/p>\n<p>Elle a \u00e9t\u00e9 institu\u00e9e pour m\u00e9diter les myst\u00e8res mariaux et s\u2019unir \u00e0 la vie de la Vierge, ainsi que pour se souvenir secondairement de la lib\u00e9ration de l\u2019Occident devant la menace ottomane.<\/p>\n<p><img decoding=\"async\" loading=\"lazy\" class=\"size-medium wp-image-158 alignleft\" src=\"https:\/\/icrspmaurice.org\/wp-content\/uploads\/2021\/10\/1200px-2017-03_Brescia_Mattes_Pana_111-233x300.jpg\" alt=\"\" width=\"233\" height=\"300\" srcset=\"https:\/\/icrspmaurice.org\/wp-content\/uploads\/2021\/10\/1200px-2017-03_Brescia_Mattes_Pana_111-233x300.jpg 233w, https:\/\/icrspmaurice.org\/wp-content\/uploads\/2021\/10\/1200px-2017-03_Brescia_Mattes_Pana_111-797x1024.jpg 797w, https:\/\/icrspmaurice.org\/wp-content\/uploads\/2021\/10\/1200px-2017-03_Brescia_Mattes_Pana_111-768x987.jpg 768w, https:\/\/icrspmaurice.org\/wp-content\/uploads\/2021\/10\/1200px-2017-03_Brescia_Mattes_Pana_111-1195x1536.jpg 1195w, https:\/\/icrspmaurice.org\/wp-content\/uploads\/2021\/10\/1200px-2017-03_Brescia_Mattes_Pana_111.jpg 1200w\" sizes=\"(max-width: 233px) 100vw, 233px\" \/>Donn\u00e9 par la Sainte Vierge elle-m\u00eame \u00e0 Saint Dominique pour accompagner sa croisade de pr\u00e9dications contre l\u2019h\u00e9r\u00e9sie albigeoise, la pri\u00e8re du Rosaire se r\u00e9pandit dans l\u2019Occident chr\u00e9tien tout au long du Moyen-Age, et nombreux furent les papes \u00e0 encourager sa r\u00e9citation.<\/p>\n<p>Surnomm\u00e9 le psautier des pauvres, en raison de ses 150 Ave Maria (en r\u00e9f\u00e9rence aux 150 psaumes qui composent le br\u00e9viaire r\u00e9cit\u00e9 quotidiennement par les moines et les clercs), le rosaire est avant tout une \u00e9cole d&rsquo;oraison&nbsp;et de&nbsp;contemplation, ce qui implique qu&rsquo;il soit pratiqu\u00e9 r\u00e9guli\u00e8rement.<\/p>\n<p>La mani\u00e8re de le r\u00e9citer est d\u00e9crite par&nbsp;Louis-Marie Grignion de Montfort&nbsp;dans&nbsp;<u>Le Secret admirable du Tr\u00e8s Saint Rosaire pour se convertir et se sauver<\/u>. Il importe d&rsquo;\u00e9viter toute distraction volontaire (mais&nbsp;\u00ab&nbsp;Vous ne pouvez pas, \u00e0 la v\u00e9rit\u00e9, r\u00e9citer votre Rosaire sans avoir quelques distractions involontaires&nbsp;\u00bb) et s&rsquo;accompagner d&rsquo;une \u00ab&nbsp;oraison mentale&nbsp;\u00bb. La pri\u00e8re commence par une invocation silencieuse au&nbsp;Saint-Esprit.<\/p>\n<p>Tout aux long des Ave Maria, l\u2019Eglise nous offre ainsi de m\u00e9diter sur les \u00e9v\u00e8nements de la vie du Sauveur, auxquels Notre-Dame a \u00e9t\u00e9 pr\u00e9sente en tous temps, priant silencieusement pour que s\u2019accomplisse le Salut des hommes.<\/p>\n<p>Notre-Dame nous a donn\u00e9, lors de r\u00e9v\u00e9lations priv\u00e9es au Bienheureux Alain de La Roche, Dominicain breton du XVe si\u00e8cle, 15 promesses (approuv\u00e9es par le Saint-Si\u00e8ge en 1895):<\/p>\n<p>\u00ab&nbsp;\u00c0 tous ceux qui r\u00e9citeront d\u00e9votement mon Rosaire, je promets ma protection toute sp\u00e9ciale et de tr\u00e8s grandes gr\u00e2ces.<\/p>\n<ul>\n<li>1.La d\u00e9votion du Tr\u00e8s Saint Rosaire est un grand signe de pr\u00e9destination.&nbsp;<\/li>\n<li>2.Quiconque&nbsp;r\u00e9citera pieusement le Rosaire&nbsp;et pers\u00e9v\u00e9rera dans cette d\u00e9votion, verra ses pri\u00e8res exauc\u00e9es.<\/li>\n<li>3.Ceux qui propageront mon Rosaire seront secourus par moi dans tous leurs maux.<\/li>\n<li>4.Pers\u00e9v\u00e8re dans mon Rosaire et je subviendrai \u00e0 tes besoins.<\/li>\n<li>5.Celui qui r\u00e9cite pieusement le Rosaire, en m\u00e9ditant les myst\u00e8res, se convertira s&rsquo;il est p\u00e9cheur.<\/li>\n<li>6.Ceux qui r\u00e9citent le Rosaire trouveront pendant leur vie et \u00e0 leur mort r\u00e9confort et lumi\u00e8re.<\/li>\n<li>7.Celui qui se recommande \u00e0 moi par le Rosaire ne p\u00e9rira pas.<\/li>\n<li>8.\u00c0 ceux qui r\u00e9citent mon Rosaire, je promets ma protection sp\u00e9ciale.&nbsp;<\/li>\n<li>9.Pr\u00eache le Rosaire ; c&rsquo;est une arme tr\u00e8s puissante contre l&rsquo;enfer, et un bouclier imp\u00e9n\u00e9trable contre les traits de l&rsquo;ennemi.<\/li>\n<li>10.Quiconque r\u00e9citera d\u00e9votement le Rosaire cro\u00eetra en gr\u00e2ce, s&rsquo;il est juste, et deviendra digne de la vie \u00e9ternelle.<\/li>\n<li>11.Je promets des gr\u00e2ces de choix aux d\u00e9vots de mon Rosaire.<\/li>\n<li>12.Je veux que ceux qui chantent mes louanges par le Rosaire aient lumi\u00e8re, libert\u00e9 et pl\u00e9nitude de gr\u00e2ces.<\/li>\n<li>13.Les vrais d\u00e9vots du Rosaire ne mourront pas sans sacrements.<\/li>\n<li>14.Je suis sp\u00e9cialement la M\u00e8re des enfants du Rosaire qui sont dans le Purgatoire, tous les jours, j&rsquo;en d\u00e9livre un grand nombre.<\/li>\n<li>15.Les vrais enfants de mon Rosaire jouiront d&rsquo;une grande gloire dans le ciel.&nbsp;\u00bb<\/li>\n<\/ul>\n<p>Chanoine V Poucin de Wouilt<\/p>\n","protected":false},"excerpt":{"rendered":"<p>Chers Fid\u00e8les La F\u00eate de Notre Dame du Tr\u00e8s Saint Rosaire, propre \u00e0 l&rsquo;\u00c9glise d&rsquo;Occident, fut institu\u00e9e par&nbsp;saint Pie V&nbsp;pour comm\u00e9morer la victoire de L\u00e9pante qui repousse l&rsquo;invasion turque (7 octobre 1571). Elle est alors \u00ab\u00a0Notre-Dame de la Victoire\u00a0\u00bb. Vingt-et-un ans plus tard, le pape Gr\u00e9goire XIII&nbsp;lui donne son nom actuel. Le pape Cl\u00e9ment XI &#8230; <a title=\"Solennit\u00e9 de Notre Dame du Rosaire &#8211; Le mot du Chanoine\" class=\"read-more\" href=\"https:\/\/icrspmaurice.org\/index.php\/2021\/10\/03\/solennite-de-notre-dame-du-rosaire-le-mot-du-chanoine\/\" aria-label=\"En savoir plus sur Solennit\u00e9 de Notre Dame du Rosaire &#8211; Le mot du Chanoine\">Lire la suite<\/a><\/p>\n","protected":false},"author":2,"featured_media":0,"comment_status":"closed","ping_status":"closed","sticky":false,"template":"","format":"standard","meta":{"ngg_post_thumbnail":0,"footnotes":"","_links_to":"","_links_to_target":""},"categories":[1],"tags":[],"yoast_head":"<!-- This site is optimized with the Yoast SEO plugin v22.6 - https:\/\/yoast.com\/wordpress\/plugins\/seo\/ -->\n<title>Solennit\u00e9 de Notre Dame du Rosaire - Le mot du Chanoine - ICRSP MAURICE<\/title>\n<meta name=\"robots\" content=\"index, follow, max-snippet:-1, max-image-preview:large, max-video-preview:-1\" \/>\n<link rel=\"canonical\" href=\"https:\/\/icrspmaurice.org\/index.php\/2021\/10\/03\/solennite-de-notre-dame-du-rosaire-le-mot-du-chanoine\/\" \/>\n<meta property=\"og:locale\" content=\"fr_FR\" \/>\n<meta property=\"og:type\" content=\"article\" \/>\n<meta property=\"og:title\" content=\"Solennit\u00e9 de Notre Dame du Rosaire - Le mot du Chanoine - ICRSP MAURICE\" \/>\n<meta property=\"og:description\" content=\"Chers Fid\u00e8les La F\u00eate de Notre Dame du Tr\u00e8s Saint Rosaire, propre \u00e0 l&rsquo;\u00c9glise d&rsquo;Occident, fut institu\u00e9e par&nbsp;saint Pie V&nbsp;pour comm\u00e9morer la victoire de L\u00e9pante qui repousse l&rsquo;invasion turque (7 octobre 1571). Elle est alors \u00ab\u00a0Notre-Dame de la Victoire\u00a0\u00bb. Vingt-et-un ans plus tard, le pape Gr\u00e9goire XIII&nbsp;lui donne son nom actuel. Le pape Cl\u00e9ment XI ... Lire la suite\" \/>\n<meta property=\"og:url\" content=\"https:\/\/icrspmaurice.org\/index.php\/2021\/10\/03\/solennite-de-notre-dame-du-rosaire-le-mot-du-chanoine\/\" \/>\n<meta property=\"og:site_name\" content=\"ICRSP MAURICE\" \/>\n<meta property=\"article:published_time\" content=\"2021-10-03T07:26:55+00:00\" \/>\n<meta property=\"og:image\" content=\"https:\/\/icrspmaurice.org\/wp-content\/uploads\/2021\/10\/1200px-2017-03_Brescia_Mattes_Pana_111-233x300.jpg\" \/>\n<meta name=\"author\" content=\"Vianney Poucin\" \/>\n<meta name=\"twitter:card\" content=\"summary_large_image\" \/>\n<meta name=\"twitter:label1\" content=\"\u00c9crit par\" \/>\n\t<meta name=\"twitter:data1\" content=\"Vianney Poucin\" \/>\n\t<meta name=\"twitter:label2\" content=\"Dur\u00e9e de lecture estim\u00e9e\" \/>\n\t<meta name=\"twitter:data2\" content=\"3 minutes\" \/>\n<script type=\"application\/ld+json\" class=\"yoast-schema-graph\">{\"@context\":\"https:\/\/schema.org\",\"@graph\":[{\"@type\":\"Article\",\"@id\":\"https:\/\/icrspmaurice.org\/index.php\/2021\/10\/03\/solennite-de-notre-dame-du-rosaire-le-mot-du-chanoine\/#article\",\"isPartOf\":{\"@id\":\"https:\/\/icrspmaurice.org\/index.php\/2021\/10\/03\/solennite-de-notre-dame-du-rosaire-le-mot-du-chanoine\/\"},\"author\":{\"name\":\"Vianney Poucin\",\"@id\":\"https:\/\/icrspmaurice.org\/#\/schema\/person\/7bcbdf0a264e7f8209a043d5506fc633\"},\"headline\":\"Solennit\u00e9 de Notre Dame du Rosaire &#8211; Le mot du Chanoine\",\"datePublished\":\"2021-10-03T07:26:55+00:00\",\"dateModified\":\"2021-10-03T07:26:55+00:00\",\"mainEntityOfPage\":{\"@id\":\"https:\/\/icrspmaurice.org\/index.php\/2021\/10\/03\/solennite-de-notre-dame-du-rosaire-le-mot-du-chanoine\/\"},\"wordCount\":677,\"publisher\":{\"@id\":\"https:\/\/icrspmaurice.org\/#organization\"},\"image\":{\"@id\":\"https:\/\/icrspmaurice.org\/index.php\/2021\/10\/03\/solennite-de-notre-dame-du-rosaire-le-mot-du-chanoine\/#primaryimage\"},\"thumbnailUrl\":\"https:\/\/icrspmaurice.org\/wp-content\/uploads\/2021\/10\/1200px-2017-03_Brescia_Mattes_Pana_111-233x300.jpg\",\"inLanguage\":\"fr-FR\"},{\"@type\":\"WebPage\",\"@id\":\"https:\/\/icrspmaurice.org\/index.php\/2021\/10\/03\/solennite-de-notre-dame-du-rosaire-le-mot-du-chanoine\/\",\"url\":\"https:\/\/icrspmaurice.org\/index.php\/2021\/10\/03\/solennite-de-notre-dame-du-rosaire-le-mot-du-chanoine\/\",\"name\":\"Solennit\u00e9 de Notre Dame du Rosaire - Le mot du Chanoine - ICRSP MAURICE\",\"isPartOf\":{\"@id\":\"https:\/\/icrspmaurice.org\/#website\"},\"primaryImageOfPage\":{\"@id\":\"https:\/\/icrspmaurice.org\/index.php\/2021\/10\/03\/solennite-de-notre-dame-du-rosaire-le-mot-du-chanoine\/#primaryimage\"},\"image\":{\"@id\":\"https:\/\/icrspmaurice.org\/index.php\/2021\/10\/03\/solennite-de-notre-dame-du-rosaire-le-mot-du-chanoine\/#primaryimage\"},\"thumbnailUrl\":\"https:\/\/icrspmaurice.org\/wp-content\/uploads\/2021\/10\/1200px-2017-03_Brescia_Mattes_Pana_111-233x300.jpg\",\"datePublished\":\"2021-10-03T07:26:55+00:00\",\"dateModified\":\"2021-10-03T07:26:55+00:00\",\"breadcrumb\":{\"@id\":\"https:\/\/icrspmaurice.org\/index.php\/2021\/10\/03\/solennite-de-notre-dame-du-rosaire-le-mot-du-chanoine\/#breadcrumb\"},\"inLanguage\":\"fr-FR\",\"potentialAction\":[{\"@type\":\"ReadAction\",\"target\":[\"https:\/\/icrspmaurice.org\/index.php\/2021\/10\/03\/solennite-de-notre-dame-du-rosaire-le-mot-du-chanoine\/\"]}]},{\"@type\":\"ImageObject\",\"inLanguage\":\"fr-FR\",\"@id\":\"https:\/\/icrspmaurice.org\/index.php\/2021\/10\/03\/solennite-de-notre-dame-du-rosaire-le-mot-du-chanoine\/#primaryimage\",\"url\":\"https:\/\/icrspmaurice.org\/wp-content\/uploads\/2021\/10\/1200px-2017-03_Brescia_Mattes_Pana_111.jpg\",\"contentUrl\":\"https:\/\/icrspmaurice.org\/wp-content\/uploads\/2021\/10\/1200px-2017-03_Brescia_Mattes_Pana_111.jpg\",\"width\":1200,\"height\":1542},{\"@type\":\"BreadcrumbList\",\"@id\":\"https:\/\/icrspmaurice.org\/index.php\/2021\/10\/03\/solennite-de-notre-dame-du-rosaire-le-mot-du-chanoine\/#breadcrumb\",\"itemListElement\":[{\"@type\":\"ListItem\",\"position\":1,\"name\":\"Accueil\",\"item\":\"https:\/\/icrspmaurice.org\/\"},{\"@type\":\"ListItem\",\"position\":2,\"name\":\"Solennit\u00e9 de Notre Dame du Rosaire &#8211; Le mot du Chanoine\"}]},{\"@type\":\"WebSite\",\"@id\":\"https:\/\/icrspmaurice.org\/#website\",\"url\":\"https:\/\/icrspmaurice.org\/\",\"name\":\"ICRSP MAURICE\",\"description\":\"Ile Maurice\",\"publisher\":{\"@id\":\"https:\/\/icrspmaurice.org\/#organization\"},\"potentialAction\":[{\"@type\":\"SearchAction\",\"target\":{\"@type\":\"EntryPoint\",\"urlTemplate\":\"https:\/\/icrspmaurice.org\/?s={search_term_string}\"},\"query-input\":\"required name=search_term_string\"}],\"inLanguage\":\"fr-FR\"},{\"@type\":\"Organization\",\"@id\":\"https:\/\/icrspmaurice.org\/#organization\",\"name\":\"ICRSP MAURICE\",\"url\":\"https:\/\/icrspmaurice.org\/\",\"logo\":{\"@type\":\"ImageObject\",\"inLanguage\":\"fr-FR\",\"@id\":\"https:\/\/icrspmaurice.org\/#\/schema\/logo\/image\/\",\"url\":\"https:\/\/icrspmaurice.org\/wp-content\/uploads\/2021\/08\/Institute-Crest.png\",\"contentUrl\":\"https:\/\/icrspmaurice.org\/wp-content\/uploads\/2021\/08\/Institute-Crest.png\",\"width\":288,\"height\":335,\"caption\":\"ICRSP MAURICE\"},\"image\":{\"@id\":\"https:\/\/icrspmaurice.org\/#\/schema\/logo\/image\/\"}},{\"@type\":\"Person\",\"@id\":\"https:\/\/icrspmaurice.org\/#\/schema\/person\/7bcbdf0a264e7f8209a043d5506fc633\",\"name\":\"Vianney Poucin\",\"image\":{\"@type\":\"ImageObject\",\"inLanguage\":\"fr-FR\",\"@id\":\"https:\/\/icrspmaurice.org\/#\/schema\/person\/image\/\",\"url\":\"https:\/\/secure.gravatar.com\/avatar\/a41f55bda54c148ed674ddef4b20000b?s=96&d=mm&r=g\",\"contentUrl\":\"https:\/\/secure.gravatar.com\/avatar\/a41f55bda54c148ed674ddef4b20000b?s=96&d=mm&r=g\",\"caption\":\"Vianney Poucin\"},\"url\":\"https:\/\/icrspmaurice.org\/index.php\/author\/vpoucin\/\"}]}<\/script>\n<!-- \/ Yoast SEO plugin. -->","yoast_head_json":{"title":"Solennit\u00e9 de Notre Dame du Rosaire - Le mot du Chanoine - ICRSP MAURICE","robots":{"index":"index","follow":"follow","max-snippet":"max-snippet:-1","max-image-preview":"max-image-preview:large","max-video-preview":"max-video-preview:-1"},"canonical":"https:\/\/icrspmaurice.org\/index.php\/2021\/10\/03\/solennite-de-notre-dame-du-rosaire-le-mot-du-chanoine\/","og_locale":"fr_FR","og_type":"article","og_title":"Solennit\u00e9 de Notre Dame du Rosaire - Le mot du Chanoine - ICRSP MAURICE","og_description":"Chers Fid\u00e8les La F\u00eate de Notre Dame du Tr\u00e8s Saint Rosaire, propre \u00e0 l&rsquo;\u00c9glise d&rsquo;Occident, fut institu\u00e9e par&nbsp;saint Pie V&nbsp;pour comm\u00e9morer la victoire de L\u00e9pante qui repousse l&rsquo;invasion turque (7 octobre 1571). Elle est alors \u00ab\u00a0Notre-Dame de la Victoire\u00a0\u00bb. Vingt-et-un ans plus tard, le pape Gr\u00e9goire XIII&nbsp;lui donne son nom actuel. Le pape Cl\u00e9ment XI ... Lire la suite","og_url":"https:\/\/icrspmaurice.org\/index.php\/2021\/10\/03\/solennite-de-notre-dame-du-rosaire-le-mot-du-chanoine\/","og_site_name":"ICRSP MAURICE","article_published_time":"2021-10-03T07:26:55+00:00","og_image":[{"url":"https:\/\/icrspmaurice.org\/wp-content\/uploads\/2021\/10\/1200px-2017-03_Brescia_Mattes_Pana_111-233x300.jpg"}],"author":"Vianney Poucin","twitter_card":"summary_large_image","twitter_misc":{"\u00c9crit par":"Vianney Poucin","Dur\u00e9e de lecture estim\u00e9e":"3 minutes"},"schema":{"@context":"https:\/\/schema.org","@graph":[{"@type":"Article","@id":"https:\/\/icrspmaurice.org\/index.php\/2021\/10\/03\/solennite-de-notre-dame-du-rosaire-le-mot-du-chanoine\/#article","isPartOf":{"@id":"https:\/\/icrspmaurice.org\/index.php\/2021\/10\/03\/solennite-de-notre-dame-du-rosaire-le-mot-du-chanoine\/"},"author":{"name":"Vianney Poucin","@id":"https:\/\/icrspmaurice.org\/#\/schema\/person\/7bcbdf0a264e7f8209a043d5506fc633"},"headline":"Solennit\u00e9 de Notre Dame du Rosaire &#8211; Le mot du Chanoine","datePublished":"2021-10-03T07:26:55+00:00","dateModified":"2021-10-03T07:26:55+00:00","mainEntityOfPage":{"@id":"https:\/\/icrspmaurice.org\/index.php\/2021\/10\/03\/solennite-de-notre-dame-du-rosaire-le-mot-du-chanoine\/"},"wordCount":677,"publisher":{"@id":"https:\/\/icrspmaurice.org\/#organization"},"image":{"@id":"https:\/\/icrspmaurice.org\/index.php\/2021\/10\/03\/solennite-de-notre-dame-du-rosaire-le-mot-du-chanoine\/#primaryimage"},"thumbnailUrl":"https:\/\/icrspmaurice.org\/wp-content\/uploads\/2021\/10\/1200px-2017-03_Brescia_Mattes_Pana_111-233x300.jpg","inLanguage":"fr-FR"},{"@type":"WebPage","@id":"https:\/\/icrspmaurice.org\/index.php\/2021\/10\/03\/solennite-de-notre-dame-du-rosaire-le-mot-du-chanoine\/","url":"https:\/\/icrspmaurice.org\/index.php\/2021\/10\/03\/solennite-de-notre-dame-du-rosaire-le-mot-du-chanoine\/","name":"Solennit\u00e9 de Notre Dame du Rosaire - Le mot du Chanoine - ICRSP MAURICE","isPartOf":{"@id":"https:\/\/icrspmaurice.org\/#website"},"primaryImageOfPage":{"@id":"https:\/\/icrspmaurice.org\/index.php\/2021\/10\/03\/solennite-de-notre-dame-du-rosaire-le-mot-du-chanoine\/#primaryimage"},"image":{"@id":"https:\/\/icrspmaurice.org\/index.php\/2021\/10\/03\/solennite-de-notre-dame-du-rosaire-le-mot-du-chanoine\/#primaryimage"},"thumbnailUrl":"https:\/\/icrspmaurice.org\/wp-content\/uploads\/2021\/10\/1200px-2017-03_Brescia_Mattes_Pana_111-233x300.jpg","datePublished":"2021-10-03T07:26:55+00:00","dateModified":"2021-10-03T07:26:55+00:00","breadcrumb":{"@id":"https:\/\/icrspmaurice.org\/index.php\/2021\/10\/03\/solennite-de-notre-dame-du-rosaire-le-mot-du-chanoine\/#breadcrumb"},"inLanguage":"fr-FR","potentialAction":[{"@type":"ReadAction","target":["https:\/\/icrspmaurice.org\/index.php\/2021\/10\/03\/solennite-de-notre-dame-du-rosaire-le-mot-du-chanoine\/"]}]},{"@type":"ImageObject","inLanguage":"fr-FR","@id":"https:\/\/icrspmaurice.org\/index.php\/2021\/10\/03\/solennite-de-notre-dame-du-rosaire-le-mot-du-chanoine\/#primaryimage","url":"https:\/\/icrspmaurice.org\/wp-content\/uploads\/2021\/10\/1200px-2017-03_Brescia_Mattes_Pana_111.jpg","contentUrl":"https:\/\/icrspmaurice.org\/wp-content\/uploads\/2021\/10\/1200px-2017-03_Brescia_Mattes_Pana_111.jpg","width":1200,"height":1542},{"@type":"BreadcrumbList","@id":"https:\/\/icrspmaurice.org\/index.php\/2021\/10\/03\/solennite-de-notre-dame-du-rosaire-le-mot-du-chanoine\/#breadcrumb","itemListElement":[{"@type":"ListItem","position":1,"name":"Accueil","item":"https:\/\/icrspmaurice.org\/"},{"@type":"ListItem","position":2,"name":"Solennit\u00e9 de Notre Dame du Rosaire &#8211; Le mot du Chanoine"}]},{"@type":"WebSite","@id":"https:\/\/icrspmaurice.org\/#website","url":"https:\/\/icrspmaurice.org\/","name":"ICRSP MAURICE","description":"Ile Maurice","publisher":{"@id":"https:\/\/icrspmaurice.org\/#organization"},"potentialAction":[{"@type":"SearchAction","target":{"@type":"EntryPoint","urlTemplate":"https:\/\/icrspmaurice.org\/?s={search_term_string}"},"query-input":"required name=search_term_string"}],"inLanguage":"fr-FR"},{"@type":"Organization","@id":"https:\/\/icrspmaurice.org\/#organization","name":"ICRSP MAURICE","url":"https:\/\/icrspmaurice.org\/","logo":{"@type":"ImageObject","inLanguage":"fr-FR","@id":"https:\/\/icrspmaurice.org\/#\/schema\/logo\/image\/","url":"https:\/\/icrspmaurice.org\/wp-content\/uploads\/2021\/08\/Institute-Crest.png","contentUrl":"https:\/\/icrspmaurice.org\/wp-content\/uploads\/2021\/08\/Institute-Crest.png","width":288,"height":335,"caption":"ICRSP MAURICE"},"image":{"@id":"https:\/\/icrspmaurice.org\/#\/schema\/logo\/image\/"}},{"@type":"Person","@id":"https:\/\/icrspmaurice.org\/#\/schema\/person\/7bcbdf0a264e7f8209a043d5506fc633","name":"Vianney Poucin","image":{"@type":"ImageObject","inLanguage":"fr-FR","@id":"https:\/\/icrspmaurice.org\/#\/schema\/person\/image\/","url":"https:\/\/secure.gravatar.com\/avatar\/a41f55bda54c148ed674ddef4b20000b?s=96&d=mm&r=g","contentUrl":"https:\/\/secure.gravatar.com\/avatar\/a41f55bda54c148ed674ddef4b20000b?s=96&d=mm&r=g","caption":"Vianney Poucin"},"url":"https:\/\/icrspmaurice.org\/index.php\/author\/vpoucin\/"}]}},"_links":{"self":[{"href":"https:\/\/icrspmaurice.org\/index.php\/wp-json\/wp\/v2\/posts\/157"}],"collection":[{"href":"https:\/\/icrspmaurice.org\/index.php\/wp-json\/wp\/v2\/posts"}],"about":[{"href":"https:\/\/icrspmaurice.org\/index.php\/wp-json\/wp\/v2\/types\/post"}],"author":[{"embeddable":true,"href":"https:\/\/icrspmaurice.org\/index.php\/wp-json\/wp\/v2\/users\/2"}],"replies":[{"embeddable":true,"href":"https:\/\/icrspmaurice.org\/index.php\/wp-json\/wp\/v2\/comments?post=157"}],"version-history":[{"count":1,"href":"https:\/\/icrspmaurice.org\/index.php\/wp-json\/wp\/v2\/posts\/157\/revisions"}],"predecessor-version":[{"id":159,"href":"https:\/\/icrspmaurice.org\/index.php\/wp-json\/wp\/v2\/posts\/157\/revisions\/159"}],"wp:attachment":[{"href":"https:\/\/icrspmaurice.org\/index.php\/wp-json\/wp\/v2\/media?parent=157"}],"wp:term":[{"taxonomy":"category","embeddable":true,"href":"https:\/\/icrspmaurice.org\/index.php\/wp-json\/wp\/v2\/categories?post=157"},{"taxonomy":"post_tag","embeddable":true,"href":"https:\/\/icrspmaurice.org\/index.php\/wp-json\/wp\/v2\/tags?post=157"}],"curies":[{"name":"wp","href":"https:\/\/api.w.org\/{rel}","templated":true}]}}