{"id":174,"date":"2021-10-17T16:02:46","date_gmt":"2021-10-17T14:02:46","guid":{"rendered":"https:\/\/icrspmaurice.org\/?p=174"},"modified":"2021-10-17T16:03:31","modified_gmt":"2021-10-17T14:03:31","slug":"174","status":"publish","type":"post","link":"https:\/\/icrspmaurice.org\/index.php\/2021\/10\/17\/174\/","title":{"rendered":"21\u00e8me Dimanche apr\u00e8s la Pentec\u00f4te \u2013 Le mot du Chanoine"},"content":{"rendered":"<p>Bien chers fid\u00e8les,<\/p>\n<p>Nous continuons aujourd\u2019hui notre m\u00e9ditation sur le tr\u00e9sor que notre M\u00e8re du Ciel nous a donn\u00e9 en la pri\u00e8re du Chapelet.<\/p>\n<p>Au jour de la f\u00eate de Notre-Dame du Rosaire, l\u2019Eglise a fait m\u00e9diter les pr\u00eatres et les religieux, tout au long des heures de l\u2019Office Divin (le br\u00e9viaire), avec chacun des 15 myst\u00e8res qu\u2019elle a propos\u00e9 \u00e0 Saint Dominique.<\/p>\n<p>Cette semaine je voudrais m\u2019arr\u00eater avec vous sur les myst\u00e8res douloureux du Rosaire.<\/p>\n<p>R\u00e9cit\u00e9s traditionnelement les Mardi et Vendredi de chaque semaine, les myst\u00e8res douloureux nous introduisent au grand Myst\u00e8re de la R\u00e9demption : myst\u00e8re de la mort r\u00e9demptrice&nbsp;et&nbsp;contemplation&nbsp;de l\u2019unique R\u00e9dempteur:<\/p>\n<div>\u2022L\u2019Agonie de J\u00e9sus au jardin des oliviers&nbsp;<em>Fruit du myst\u00e8re: la Contrition de nos p\u00e9ch\u00e9s<\/em><\/div>\n<div>\u2022La Flagellation<em>&nbsp;Fruit du myst\u00e8re: La mortification des sens pour nos p\u00e9ch\u00e9s de la chair<\/em><\/div>\n<div>\u2022Le Couronnement d\u2019\u00e9pines&nbsp;<em>Fruit du myst\u00e8re: La mortification de l\u2019esprit pour nos p\u00e9ch\u00e9s d\u2019orgueil<\/em><\/div>\n<div>\u2022Le portement de Croix&nbsp;<em>Fruit du myst\u00e8re: l\u2019acceptation de la souffrance<\/em><\/div>\n<div>\u2022La Crucifixion et la mort de J\u00e9sus sur la Croix&nbsp;<em>Fruit du myst\u00e8re: le don de soi \u00e0 l\u2019\u0153uvre de la R\u00e9demption<\/em><\/div>\n<p>Ici commence l\u2019histoire de la Passion du Christ. Ces dix-huit heures terribles endur\u00e9es par J\u00e9sus avant sa mort nous d\u00e9couvrent les profondeurs de l\u2019amour de Dieu pour nous. Elles sont la source de notre salut. La Passion selon saint Jean, que la liturgie romaine fait lire le vendredi saint, est la plus touchante. Non&nbsp;seulement saint Jean, le disciple bien-aim\u00e9, est un narrateur sans pareil, mais il a vu et entendu.<\/p>\n<p>Cette m\u00e9ditation s\u2019ouvre sur l\u2019Agonie de J\u00e9sus \u00e0 Geths\u00e9mani, o\u00f9 le Christ vit un moment particuli\u00e8rement angoissant. Ce qu\u2019il doit lui en co\u00fbter d\u2019adh\u00e9rer \u00e0 la volont\u00e9 du P\u00e8re appara\u00eet dans les myst\u00e8res suivants, la Flagellation, le Couronnement d\u2019\u00e9pines, le Portement de Croix, le Crucifiement et la Mort. Ces myst\u00e8res r\u00e9v\u00e8lent l\u2019amour de Dieu et le sens m\u00eame de l\u2019homme et conduisent le croyant \u00e0 revivre la mort de J\u00e9sus en se mettant au pied de la croix, pr\u00e8s de Marie.<\/p>\n<p>Offrons quotidiennement la r\u00e9citation de notre chapelet pour notre Salut et celui du monde, pour l\u2019Eglise et la conversion des p\u00e9cheurs.<\/p>\n<p>Chanoine V. Poucin de Wouilt<\/p>\n","protected":false},"excerpt":{"rendered":"<p>Bien chers fid\u00e8les, Nous continuons aujourd\u2019hui notre m\u00e9ditation sur le tr\u00e9sor que notre M\u00e8re du Ciel nous a donn\u00e9 en la pri\u00e8re du Chapelet. Au jour de la f\u00eate de Notre-Dame du Rosaire, l\u2019Eglise a fait m\u00e9diter les pr\u00eatres et les religieux, tout au long des heures de l\u2019Office Divin (le br\u00e9viaire), avec chacun des &#8230; <a title=\"21\u00e8me Dimanche apr\u00e8s la Pentec\u00f4te \u2013 Le mot du Chanoine\" class=\"read-more\" href=\"https:\/\/icrspmaurice.org\/index.php\/2021\/10\/17\/174\/\" aria-label=\"En savoir plus sur 21\u00e8me Dimanche apr\u00e8s la Pentec\u00f4te \u2013 Le mot du Chanoine\">Lire la suite<\/a><\/p>\n","protected":false},"author":2,"featured_media":0,"comment_status":"closed","ping_status":"closed","sticky":false,"template":"","format":"standard","meta":{"ngg_post_thumbnail":0,"footnotes":"","_links_to":"","_links_to_target":""},"categories":[1],"tags":[],"yoast_head":"<!-- This site is optimized with the Yoast SEO plugin v22.6 - https:\/\/yoast.com\/wordpress\/plugins\/seo\/ -->\n<title>21\u00e8me Dimanche apr\u00e8s la Pentec\u00f4te \u2013 Le mot du Chanoine - ICRSP MAURICE<\/title>\n<meta name=\"robots\" content=\"index, follow, max-snippet:-1, max-image-preview:large, max-video-preview:-1\" \/>\n<link rel=\"canonical\" href=\"https:\/\/icrspmaurice.org\/index.php\/2021\/10\/17\/174\/\" \/>\n<meta property=\"og:locale\" content=\"fr_FR\" \/>\n<meta property=\"og:type\" content=\"article\" \/>\n<meta property=\"og:title\" content=\"21\u00e8me Dimanche apr\u00e8s la Pentec\u00f4te \u2013 Le mot du Chanoine - ICRSP MAURICE\" \/>\n<meta property=\"og:description\" content=\"Bien chers fid\u00e8les, Nous continuons aujourd\u2019hui notre m\u00e9ditation sur le tr\u00e9sor que notre M\u00e8re du Ciel nous a donn\u00e9 en la pri\u00e8re du Chapelet. Au jour de la f\u00eate de Notre-Dame du Rosaire, l\u2019Eglise a fait m\u00e9diter les pr\u00eatres et les religieux, tout au long des heures de l\u2019Office Divin (le br\u00e9viaire), avec chacun des ... Lire la suite\" \/>\n<meta property=\"og:url\" content=\"https:\/\/icrspmaurice.org\/index.php\/2021\/10\/17\/174\/\" \/>\n<meta property=\"og:site_name\" content=\"ICRSP MAURICE\" \/>\n<meta property=\"article:published_time\" content=\"2021-10-17T14:02:46+00:00\" \/>\n<meta property=\"article:modified_time\" content=\"2021-10-17T14:03:31+00:00\" \/>\n<meta name=\"author\" content=\"Vianney Poucin\" \/>\n<meta name=\"twitter:card\" content=\"summary_large_image\" \/>\n<meta name=\"twitter:label1\" content=\"\u00c9crit par\" \/>\n\t<meta name=\"twitter:data1\" content=\"Vianney Poucin\" \/>\n\t<meta name=\"twitter:label2\" content=\"Dur\u00e9e de lecture estim\u00e9e\" \/>\n\t<meta name=\"twitter:data2\" content=\"2 minutes\" \/>\n<script type=\"application\/ld+json\" class=\"yoast-schema-graph\">{\"@context\":\"https:\/\/schema.org\",\"@graph\":[{\"@type\":\"Article\",\"@id\":\"https:\/\/icrspmaurice.org\/index.php\/2021\/10\/17\/174\/#article\",\"isPartOf\":{\"@id\":\"https:\/\/icrspmaurice.org\/index.php\/2021\/10\/17\/174\/\"},\"author\":{\"name\":\"Vianney Poucin\",\"@id\":\"https:\/\/icrspmaurice.org\/#\/schema\/person\/7bcbdf0a264e7f8209a043d5506fc633\"},\"headline\":\"21\u00e8me Dimanche apr\u00e8s la Pentec\u00f4te \u2013 Le mot du Chanoine\",\"datePublished\":\"2021-10-17T14:02:46+00:00\",\"dateModified\":\"2021-10-17T14:03:31+00:00\",\"mainEntityOfPage\":{\"@id\":\"https:\/\/icrspmaurice.org\/index.php\/2021\/10\/17\/174\/\"},\"wordCount\":451,\"publisher\":{\"@id\":\"https:\/\/icrspmaurice.org\/#organization\"},\"inLanguage\":\"fr-FR\"},{\"@type\":\"WebPage\",\"@id\":\"https:\/\/icrspmaurice.org\/index.php\/2021\/10\/17\/174\/\",\"url\":\"https:\/\/icrspmaurice.org\/index.php\/2021\/10\/17\/174\/\",\"name\":\"21\u00e8me Dimanche apr\u00e8s la Pentec\u00f4te \u2013 Le mot du Chanoine - ICRSP MAURICE\",\"isPartOf\":{\"@id\":\"https:\/\/icrspmaurice.org\/#website\"},\"datePublished\":\"2021-10-17T14:02:46+00:00\",\"dateModified\":\"2021-10-17T14:03:31+00:00\",\"breadcrumb\":{\"@id\":\"https:\/\/icrspmaurice.org\/index.php\/2021\/10\/17\/174\/#breadcrumb\"},\"inLanguage\":\"fr-FR\",\"potentialAction\":[{\"@type\":\"ReadAction\",\"target\":[\"https:\/\/icrspmaurice.org\/index.php\/2021\/10\/17\/174\/\"]}]},{\"@type\":\"BreadcrumbList\",\"@id\":\"https:\/\/icrspmaurice.org\/index.php\/2021\/10\/17\/174\/#breadcrumb\",\"itemListElement\":[{\"@type\":\"ListItem\",\"position\":1,\"name\":\"Accueil\",\"item\":\"https:\/\/icrspmaurice.org\/\"},{\"@type\":\"ListItem\",\"position\":2,\"name\":\"21\u00e8me Dimanche apr\u00e8s la Pentec\u00f4te \u2013 Le mot du Chanoine\"}]},{\"@type\":\"WebSite\",\"@id\":\"https:\/\/icrspmaurice.org\/#website\",\"url\":\"https:\/\/icrspmaurice.org\/\",\"name\":\"ICRSP MAURICE\",\"description\":\"Ile Maurice\",\"publisher\":{\"@id\":\"https:\/\/icrspmaurice.org\/#organization\"},\"potentialAction\":[{\"@type\":\"SearchAction\",\"target\":{\"@type\":\"EntryPoint\",\"urlTemplate\":\"https:\/\/icrspmaurice.org\/?s={search_term_string}\"},\"query-input\":\"required name=search_term_string\"}],\"inLanguage\":\"fr-FR\"},{\"@type\":\"Organization\",\"@id\":\"https:\/\/icrspmaurice.org\/#organization\",\"name\":\"ICRSP MAURICE\",\"url\":\"https:\/\/icrspmaurice.org\/\",\"logo\":{\"@type\":\"ImageObject\",\"inLanguage\":\"fr-FR\",\"@id\":\"https:\/\/icrspmaurice.org\/#\/schema\/logo\/image\/\",\"url\":\"https:\/\/icrspmaurice.org\/wp-content\/uploads\/2021\/08\/Institute-Crest.png\",\"contentUrl\":\"https:\/\/icrspmaurice.org\/wp-content\/uploads\/2021\/08\/Institute-Crest.png\",\"width\":288,\"height\":335,\"caption\":\"ICRSP MAURICE\"},\"image\":{\"@id\":\"https:\/\/icrspmaurice.org\/#\/schema\/logo\/image\/\"}},{\"@type\":\"Person\",\"@id\":\"https:\/\/icrspmaurice.org\/#\/schema\/person\/7bcbdf0a264e7f8209a043d5506fc633\",\"name\":\"Vianney Poucin\",\"image\":{\"@type\":\"ImageObject\",\"inLanguage\":\"fr-FR\",\"@id\":\"https:\/\/icrspmaurice.org\/#\/schema\/person\/image\/\",\"url\":\"https:\/\/secure.gravatar.com\/avatar\/a41f55bda54c148ed674ddef4b20000b?s=96&d=mm&r=g\",\"contentUrl\":\"https:\/\/secure.gravatar.com\/avatar\/a41f55bda54c148ed674ddef4b20000b?s=96&d=mm&r=g\",\"caption\":\"Vianney Poucin\"},\"url\":\"https:\/\/icrspmaurice.org\/index.php\/author\/vpoucin\/\"}]}<\/script>\n<!-- \/ Yoast SEO plugin. -->","yoast_head_json":{"title":"21\u00e8me Dimanche apr\u00e8s la Pentec\u00f4te \u2013 Le mot du Chanoine - ICRSP MAURICE","robots":{"index":"index","follow":"follow","max-snippet":"max-snippet:-1","max-image-preview":"max-image-preview:large","max-video-preview":"max-video-preview:-1"},"canonical":"https:\/\/icrspmaurice.org\/index.php\/2021\/10\/17\/174\/","og_locale":"fr_FR","og_type":"article","og_title":"21\u00e8me Dimanche apr\u00e8s la Pentec\u00f4te \u2013 Le mot du Chanoine - ICRSP MAURICE","og_description":"Bien chers fid\u00e8les, Nous continuons aujourd\u2019hui notre m\u00e9ditation sur le tr\u00e9sor que notre M\u00e8re du Ciel nous a donn\u00e9 en la pri\u00e8re du Chapelet. Au jour de la f\u00eate de Notre-Dame du Rosaire, l\u2019Eglise a fait m\u00e9diter les pr\u00eatres et les religieux, tout au long des heures de l\u2019Office Divin (le br\u00e9viaire), avec chacun des ... Lire la suite","og_url":"https:\/\/icrspmaurice.org\/index.php\/2021\/10\/17\/174\/","og_site_name":"ICRSP MAURICE","article_published_time":"2021-10-17T14:02:46+00:00","article_modified_time":"2021-10-17T14:03:31+00:00","author":"Vianney Poucin","twitter_card":"summary_large_image","twitter_misc":{"\u00c9crit par":"Vianney Poucin","Dur\u00e9e de lecture estim\u00e9e":"2 minutes"},"schema":{"@context":"https:\/\/schema.org","@graph":[{"@type":"Article","@id":"https:\/\/icrspmaurice.org\/index.php\/2021\/10\/17\/174\/#article","isPartOf":{"@id":"https:\/\/icrspmaurice.org\/index.php\/2021\/10\/17\/174\/"},"author":{"name":"Vianney Poucin","@id":"https:\/\/icrspmaurice.org\/#\/schema\/person\/7bcbdf0a264e7f8209a043d5506fc633"},"headline":"21\u00e8me Dimanche apr\u00e8s la Pentec\u00f4te \u2013 Le mot du Chanoine","datePublished":"2021-10-17T14:02:46+00:00","dateModified":"2021-10-17T14:03:31+00:00","mainEntityOfPage":{"@id":"https:\/\/icrspmaurice.org\/index.php\/2021\/10\/17\/174\/"},"wordCount":451,"publisher":{"@id":"https:\/\/icrspmaurice.org\/#organization"},"inLanguage":"fr-FR"},{"@type":"WebPage","@id":"https:\/\/icrspmaurice.org\/index.php\/2021\/10\/17\/174\/","url":"https:\/\/icrspmaurice.org\/index.php\/2021\/10\/17\/174\/","name":"21\u00e8me Dimanche apr\u00e8s la Pentec\u00f4te \u2013 Le mot du Chanoine - ICRSP MAURICE","isPartOf":{"@id":"https:\/\/icrspmaurice.org\/#website"},"datePublished":"2021-10-17T14:02:46+00:00","dateModified":"2021-10-17T14:03:31+00:00","breadcrumb":{"@id":"https:\/\/icrspmaurice.org\/index.php\/2021\/10\/17\/174\/#breadcrumb"},"inLanguage":"fr-FR","potentialAction":[{"@type":"ReadAction","target":["https:\/\/icrspmaurice.org\/index.php\/2021\/10\/17\/174\/"]}]},{"@type":"BreadcrumbList","@id":"https:\/\/icrspmaurice.org\/index.php\/2021\/10\/17\/174\/#breadcrumb","itemListElement":[{"@type":"ListItem","position":1,"name":"Accueil","item":"https:\/\/icrspmaurice.org\/"},{"@type":"ListItem","position":2,"name":"21\u00e8me Dimanche apr\u00e8s la Pentec\u00f4te \u2013 Le mot du Chanoine"}]},{"@type":"WebSite","@id":"https:\/\/icrspmaurice.org\/#website","url":"https:\/\/icrspmaurice.org\/","name":"ICRSP MAURICE","description":"Ile Maurice","publisher":{"@id":"https:\/\/icrspmaurice.org\/#organization"},"potentialAction":[{"@type":"SearchAction","target":{"@type":"EntryPoint","urlTemplate":"https:\/\/icrspmaurice.org\/?s={search_term_string}"},"query-input":"required name=search_term_string"}],"inLanguage":"fr-FR"},{"@type":"Organization","@id":"https:\/\/icrspmaurice.org\/#organization","name":"ICRSP MAURICE","url":"https:\/\/icrspmaurice.org\/","logo":{"@type":"ImageObject","inLanguage":"fr-FR","@id":"https:\/\/icrspmaurice.org\/#\/schema\/logo\/image\/","url":"https:\/\/icrspmaurice.org\/wp-content\/uploads\/2021\/08\/Institute-Crest.png","contentUrl":"https:\/\/icrspmaurice.org\/wp-content\/uploads\/2021\/08\/Institute-Crest.png","width":288,"height":335,"caption":"ICRSP MAURICE"},"image":{"@id":"https:\/\/icrspmaurice.org\/#\/schema\/logo\/image\/"}},{"@type":"Person","@id":"https:\/\/icrspmaurice.org\/#\/schema\/person\/7bcbdf0a264e7f8209a043d5506fc633","name":"Vianney Poucin","image":{"@type":"ImageObject","inLanguage":"fr-FR","@id":"https:\/\/icrspmaurice.org\/#\/schema\/person\/image\/","url":"https:\/\/secure.gravatar.com\/avatar\/a41f55bda54c148ed674ddef4b20000b?s=96&d=mm&r=g","contentUrl":"https:\/\/secure.gravatar.com\/avatar\/a41f55bda54c148ed674ddef4b20000b?s=96&d=mm&r=g","caption":"Vianney Poucin"},"url":"https:\/\/icrspmaurice.org\/index.php\/author\/vpoucin\/"}]}},"_links":{"self":[{"href":"https:\/\/icrspmaurice.org\/index.php\/wp-json\/wp\/v2\/posts\/174"}],"collection":[{"href":"https:\/\/icrspmaurice.org\/index.php\/wp-json\/wp\/v2\/posts"}],"about":[{"href":"https:\/\/icrspmaurice.org\/index.php\/wp-json\/wp\/v2\/types\/post"}],"author":[{"embeddable":true,"href":"https:\/\/icrspmaurice.org\/index.php\/wp-json\/wp\/v2\/users\/2"}],"replies":[{"embeddable":true,"href":"https:\/\/icrspmaurice.org\/index.php\/wp-json\/wp\/v2\/comments?post=174"}],"version-history":[{"count":2,"href":"https:\/\/icrspmaurice.org\/index.php\/wp-json\/wp\/v2\/posts\/174\/revisions"}],"predecessor-version":[{"id":176,"href":"https:\/\/icrspmaurice.org\/index.php\/wp-json\/wp\/v2\/posts\/174\/revisions\/176"}],"wp:attachment":[{"href":"https:\/\/icrspmaurice.org\/index.php\/wp-json\/wp\/v2\/media?parent=174"}],"wp:term":[{"taxonomy":"category","embeddable":true,"href":"https:\/\/icrspmaurice.org\/index.php\/wp-json\/wp\/v2\/categories?post=174"},{"taxonomy":"post_tag","embeddable":true,"href":"https:\/\/icrspmaurice.org\/index.php\/wp-json\/wp\/v2\/tags?post=174"}],"curies":[{"name":"wp","href":"https:\/\/api.w.org\/{rel}","templated":true}]}}