{"id":205,"date":"2021-11-30T14:49:54","date_gmt":"2021-11-30T13:49:54","guid":{"rendered":"https:\/\/icrspmaurice.org\/?p=205"},"modified":"2022-09-03T19:11:40","modified_gmt":"2022-09-03T17:11:40","slug":"dernier-dimanche-apres-la-pentecote-le-mot-du-chanoine","status":"publish","type":"post","link":"https:\/\/icrspmaurice.org\/index.php\/2021\/11\/30\/dernier-dimanche-apres-la-pentecote-le-mot-du-chanoine\/","title":{"rendered":"Dernier Dimanche apr\u00e8s la Pentec\u00f4te &#8211; le mot du Chanoine"},"content":{"rendered":"<p>Bien chers fid\u00e8les<\/p>\n<p>L\u2019Evangile du dernier dimanche de l\u2019Ann\u00e9e Liturgique ressemble fort \u00e0 celui du premier, qui c\u2019est le 1<sup>er<\/sup> Dimanche de l\u2019Avent. Notre M\u00e8re la Sainte Eglise souhaite ainsi nous placer dans un juste et n\u00e9cessaire sentiment de terreur du Jugement, pour nous inciter \u00e0 la conversion et \u00e0 mener une vie toujours plus tourn\u00e9e vers Dieu. Ainsi que la Pens\u00e9e de St Fran\u00e7ois de Sales de cette semaine nous l\u2019indique, \u00ab&nbsp;la plupart de nos fautes viennent de ce que nous ne nous tenons pas assez en la pr\u00e9sence de Dieu.&nbsp;\u00bb<\/p>\n<p><img decoding=\"async\" loading=\"lazy\" class=\"size-medium wp-image-208 alignleft\" src=\"https:\/\/icrspmaurice.org\/wp-content\/uploads\/2021\/11\/Sans-titre-148x300.jpg\" alt=\"\" width=\"148\" height=\"300\" srcset=\"https:\/\/icrspmaurice.org\/wp-content\/uploads\/2021\/11\/Sans-titre-148x300.jpg 148w, https:\/\/icrspmaurice.org\/wp-content\/uploads\/2021\/11\/Sans-titre.jpg 228w\" sizes=\"(max-width: 148px) 100vw, 148px\" \/>Voyons donc ici dans ce spectacle de \u00ab&nbsp;l&rsquo;abomination de la d\u00e9solation, dont a parl\u00e9 le proph\u00e8te Daniel, dress\u00e9e en un lieu saint,&nbsp;\u00bb une nouvelle occasion de nous adresser de mani\u00e8re plus pressante vers notre Cr\u00e9ateur et R\u00e9dempteur. Lui seul peut venir en nous pour apaiser nos troubles et nous redonner l\u2019innocence baptismale que nous pourrions avoir malheureusement perdu par nos p\u00e9ch\u00e9s et nos infid\u00e9lit\u00e9s.<\/p>\n<p>En effet, lorsque nous lisons ces mots de J\u00e9sus, parlant de l&rsquo;abomination de la d\u00e9solation, dress\u00e9e en un lieu saint, nous pensons surtout \u00e0 la situation de l\u2019Eglise et du monde, en prise \u00e0 une temp\u00eate sans pr\u00e9c\u00e9dent dans l\u2019Histoire; nous oublions cependant que ce lieu saint dont parle Notre-Seigneur, est \u00e9galement notre \u00e2me spirituelle, cr\u00e9\u00e9e \u00e0 son image, r\u00e9g\u00e9n\u00e9r\u00e9e dans son sang et lav\u00e9e par le Bapt\u00eame. Notre \u00e2me est ce \u00ab&nbsp;lieu saint&nbsp;\u00bb que le Saint-Esprit a \u00e9lu pour sa demeure, que notre R\u00e9dempteur vient visiter \u00e0 chacune de nos Communions. Cette demeure spirituelle est prot\u00e9g\u00e9e par un puissant ange, contre les attaques sournoises et mal\u00e9fiques du d\u00e9mon.<\/p>\n<p>Mais malheureusement notre nature humaine bless\u00e9e par le p\u00e9ch\u00e9, l\u2019ing\u00e9niosit\u00e9 de Satan, ont souvent raison de nos promesses et r\u00e9solutions. Il nous faut venir r\u00e9parer et consolider cette demeure laiss\u00e9e en ruines par nos p\u00e9ch\u00e9s.<\/p>\n<p>C\u2019est alors avec confiance et le c\u0153ur plein d\u2019humilit\u00e9 qu\u2019il faut nous tourner vers Notre P\u00e8re du Ciel, qui seul peut venir nous aider. Soyons d\u00e8s lors reconnaissants, et faisons n\u00f4tres les mots de l\u2019\u00e9pitre de Saint Paul aux Colossiens: rendons \u00ab&nbsp;gr\u00e2ces \u00e0 Dieu le P\u00e8re, qui nous a rendus capables d&rsquo;avoir part \u00e0 l&rsquo;h\u00e9ritage des saints dans la lumi\u00e8re, en nous d\u00e9livrant de la puissance des t\u00e9n\u00e8bres, pour nous transporter dans le royaume de son Fils bien-aim\u00e9, par le sang duquel nous avons la r\u00e9demption, la r\u00e9mission des p\u00e9ch\u00e9s.&nbsp;\u00bb<\/p>\n<p>O J\u00e9sus, d\u00e9tachez-nous toujours plus de ce monde dont la figure passe&nbsp;avec ses vains travaux, ses gloires contrefaites et ses faux plaisirs !<\/p>\n<p>Pour nous, pr\u00eatant l\u2019oreille aux \u00e9chos de la patrie, nous entendons d\u00e9j\u00e0 sortir du tr\u00f4ne la voix qui crie, au bruit des tonnerres qu\u2019entendit le proph\u00e8te de Pathmos&nbsp;: \u00ab&nbsp;Louez notre Dieu, vous tous ses serviteurs, vous tous qui le craignez, petits et grands. All\u00e9luia&nbsp;! car il r\u00e8gne n\u00f4tre Seigneur tout-puissant. R\u00e9jouissons-nous et tressaillons, rendons-lui gloire&nbsp;; car le temps des noces de l\u2019Agneau est arriv\u00e9, et son \u00c9pouse s\u2019est pr\u00e9par\u00e9e&nbsp;!&nbsp;\u00bb<\/p>\n<p style=\"text-align: right;\">Chanoine V. Poucin de Wouilt<\/p>\n","protected":false},"excerpt":{"rendered":"<p>Bien chers fid\u00e8les L\u2019Evangile du dernier dimanche de l\u2019Ann\u00e9e Liturgique ressemble fort \u00e0 celui du premier, qui c\u2019est le 1er Dimanche de l\u2019Avent. Notre M\u00e8re la Sainte Eglise souhaite ainsi nous placer dans un juste et n\u00e9cessaire sentiment de terreur du Jugement, pour nous inciter \u00e0 la conversion et \u00e0 mener une vie toujours plus &#8230; <a title=\"Dernier Dimanche apr\u00e8s la Pentec\u00f4te &#8211; le mot du Chanoine\" class=\"read-more\" href=\"https:\/\/icrspmaurice.org\/index.php\/2021\/11\/30\/dernier-dimanche-apres-la-pentecote-le-mot-du-chanoine\/\" aria-label=\"En savoir plus sur Dernier Dimanche apr\u00e8s la Pentec\u00f4te &#8211; le mot du Chanoine\">Lire la suite<\/a><\/p>\n","protected":false},"author":2,"featured_media":0,"comment_status":"closed","ping_status":"closed","sticky":false,"template":"","format":"standard","meta":{"ngg_post_thumbnail":0,"footnotes":"","_links_to":"","_links_to_target":""},"categories":[3,1],"tags":[],"yoast_head":"<!-- This site is optimized with the Yoast SEO plugin v22.6 - https:\/\/yoast.com\/wordpress\/plugins\/seo\/ -->\n<title>Dernier Dimanche apr\u00e8s la Pentec\u00f4te - le mot du Chanoine - ICRSP MAURICE<\/title>\n<meta name=\"robots\" content=\"index, follow, max-snippet:-1, max-image-preview:large, max-video-preview:-1\" \/>\n<link rel=\"canonical\" href=\"https:\/\/icrspmaurice.org\/index.php\/2021\/11\/30\/dernier-dimanche-apres-la-pentecote-le-mot-du-chanoine\/\" \/>\n<meta property=\"og:locale\" content=\"fr_FR\" \/>\n<meta property=\"og:type\" content=\"article\" \/>\n<meta property=\"og:title\" content=\"Dernier Dimanche apr\u00e8s la Pentec\u00f4te - le mot du Chanoine - ICRSP MAURICE\" \/>\n<meta property=\"og:description\" content=\"Bien chers fid\u00e8les L\u2019Evangile du dernier dimanche de l\u2019Ann\u00e9e Liturgique ressemble fort \u00e0 celui du premier, qui c\u2019est le 1er Dimanche de l\u2019Avent. Notre M\u00e8re la Sainte Eglise souhaite ainsi nous placer dans un juste et n\u00e9cessaire sentiment de terreur du Jugement, pour nous inciter \u00e0 la conversion et \u00e0 mener une vie toujours plus ... Lire la suite\" \/>\n<meta property=\"og:url\" content=\"https:\/\/icrspmaurice.org\/index.php\/2021\/11\/30\/dernier-dimanche-apres-la-pentecote-le-mot-du-chanoine\/\" \/>\n<meta property=\"og:site_name\" content=\"ICRSP MAURICE\" \/>\n<meta property=\"article:published_time\" content=\"2021-11-30T13:49:54+00:00\" \/>\n<meta property=\"article:modified_time\" content=\"2022-09-03T17:11:40+00:00\" \/>\n<meta property=\"og:image\" content=\"https:\/\/icrspmaurice.org\/wp-content\/uploads\/2021\/11\/Sans-titre-148x300.jpg\" \/>\n<meta name=\"author\" content=\"Vianney Poucin\" \/>\n<meta name=\"twitter:card\" content=\"summary_large_image\" \/>\n<meta name=\"twitter:label1\" content=\"\u00c9crit par\" \/>\n\t<meta name=\"twitter:data1\" content=\"Vianney Poucin\" \/>\n\t<meta name=\"twitter:label2\" content=\"Dur\u00e9e de lecture estim\u00e9e\" \/>\n\t<meta name=\"twitter:data2\" content=\"3 minutes\" \/>\n<script type=\"application\/ld+json\" class=\"yoast-schema-graph\">{\"@context\":\"https:\/\/schema.org\",\"@graph\":[{\"@type\":\"Article\",\"@id\":\"https:\/\/icrspmaurice.org\/index.php\/2021\/11\/30\/dernier-dimanche-apres-la-pentecote-le-mot-du-chanoine\/#article\",\"isPartOf\":{\"@id\":\"https:\/\/icrspmaurice.org\/index.php\/2021\/11\/30\/dernier-dimanche-apres-la-pentecote-le-mot-du-chanoine\/\"},\"author\":{\"name\":\"Vianney Poucin\",\"@id\":\"https:\/\/icrspmaurice.org\/#\/schema\/person\/7bcbdf0a264e7f8209a043d5506fc633\"},\"headline\":\"Dernier Dimanche apr\u00e8s la Pentec\u00f4te &#8211; le mot du Chanoine\",\"datePublished\":\"2021-11-30T13:49:54+00:00\",\"dateModified\":\"2022-09-03T17:11:40+00:00\",\"mainEntityOfPage\":{\"@id\":\"https:\/\/icrspmaurice.org\/index.php\/2021\/11\/30\/dernier-dimanche-apres-la-pentecote-le-mot-du-chanoine\/\"},\"wordCount\":593,\"publisher\":{\"@id\":\"https:\/\/icrspmaurice.org\/#organization\"},\"image\":{\"@id\":\"https:\/\/icrspmaurice.org\/index.php\/2021\/11\/30\/dernier-dimanche-apres-la-pentecote-le-mot-du-chanoine\/#primaryimage\"},\"thumbnailUrl\":\"https:\/\/icrspmaurice.org\/wp-content\/uploads\/2021\/11\/Sans-titre-148x300.jpg\",\"articleSection\":[\"Le mot du Chanoine\"],\"inLanguage\":\"fr-FR\"},{\"@type\":\"WebPage\",\"@id\":\"https:\/\/icrspmaurice.org\/index.php\/2021\/11\/30\/dernier-dimanche-apres-la-pentecote-le-mot-du-chanoine\/\",\"url\":\"https:\/\/icrspmaurice.org\/index.php\/2021\/11\/30\/dernier-dimanche-apres-la-pentecote-le-mot-du-chanoine\/\",\"name\":\"Dernier Dimanche apr\u00e8s la Pentec\u00f4te - le mot du Chanoine - ICRSP MAURICE\",\"isPartOf\":{\"@id\":\"https:\/\/icrspmaurice.org\/#website\"},\"primaryImageOfPage\":{\"@id\":\"https:\/\/icrspmaurice.org\/index.php\/2021\/11\/30\/dernier-dimanche-apres-la-pentecote-le-mot-du-chanoine\/#primaryimage\"},\"image\":{\"@id\":\"https:\/\/icrspmaurice.org\/index.php\/2021\/11\/30\/dernier-dimanche-apres-la-pentecote-le-mot-du-chanoine\/#primaryimage\"},\"thumbnailUrl\":\"https:\/\/icrspmaurice.org\/wp-content\/uploads\/2021\/11\/Sans-titre-148x300.jpg\",\"datePublished\":\"2021-11-30T13:49:54+00:00\",\"dateModified\":\"2022-09-03T17:11:40+00:00\",\"breadcrumb\":{\"@id\":\"https:\/\/icrspmaurice.org\/index.php\/2021\/11\/30\/dernier-dimanche-apres-la-pentecote-le-mot-du-chanoine\/#breadcrumb\"},\"inLanguage\":\"fr-FR\",\"potentialAction\":[{\"@type\":\"ReadAction\",\"target\":[\"https:\/\/icrspmaurice.org\/index.php\/2021\/11\/30\/dernier-dimanche-apres-la-pentecote-le-mot-du-chanoine\/\"]}]},{\"@type\":\"ImageObject\",\"inLanguage\":\"fr-FR\",\"@id\":\"https:\/\/icrspmaurice.org\/index.php\/2021\/11\/30\/dernier-dimanche-apres-la-pentecote-le-mot-du-chanoine\/#primaryimage\",\"url\":\"https:\/\/icrspmaurice.org\/wp-content\/uploads\/2021\/11\/Sans-titre.jpg\",\"contentUrl\":\"https:\/\/icrspmaurice.org\/wp-content\/uploads\/2021\/11\/Sans-titre.jpg\",\"width\":228,\"height\":462},{\"@type\":\"BreadcrumbList\",\"@id\":\"https:\/\/icrspmaurice.org\/index.php\/2021\/11\/30\/dernier-dimanche-apres-la-pentecote-le-mot-du-chanoine\/#breadcrumb\",\"itemListElement\":[{\"@type\":\"ListItem\",\"position\":1,\"name\":\"Accueil\",\"item\":\"https:\/\/icrspmaurice.org\/\"},{\"@type\":\"ListItem\",\"position\":2,\"name\":\"Dernier Dimanche apr\u00e8s la Pentec\u00f4te &#8211; le mot du Chanoine\"}]},{\"@type\":\"WebSite\",\"@id\":\"https:\/\/icrspmaurice.org\/#website\",\"url\":\"https:\/\/icrspmaurice.org\/\",\"name\":\"ICRSP MAURICE\",\"description\":\"Ile Maurice\",\"publisher\":{\"@id\":\"https:\/\/icrspmaurice.org\/#organization\"},\"potentialAction\":[{\"@type\":\"SearchAction\",\"target\":{\"@type\":\"EntryPoint\",\"urlTemplate\":\"https:\/\/icrspmaurice.org\/?s={search_term_string}\"},\"query-input\":\"required name=search_term_string\"}],\"inLanguage\":\"fr-FR\"},{\"@type\":\"Organization\",\"@id\":\"https:\/\/icrspmaurice.org\/#organization\",\"name\":\"ICRSP MAURICE\",\"url\":\"https:\/\/icrspmaurice.org\/\",\"logo\":{\"@type\":\"ImageObject\",\"inLanguage\":\"fr-FR\",\"@id\":\"https:\/\/icrspmaurice.org\/#\/schema\/logo\/image\/\",\"url\":\"https:\/\/icrspmaurice.org\/wp-content\/uploads\/2021\/08\/Institute-Crest.png\",\"contentUrl\":\"https:\/\/icrspmaurice.org\/wp-content\/uploads\/2021\/08\/Institute-Crest.png\",\"width\":288,\"height\":335,\"caption\":\"ICRSP MAURICE\"},\"image\":{\"@id\":\"https:\/\/icrspmaurice.org\/#\/schema\/logo\/image\/\"}},{\"@type\":\"Person\",\"@id\":\"https:\/\/icrspmaurice.org\/#\/schema\/person\/7bcbdf0a264e7f8209a043d5506fc633\",\"name\":\"Vianney Poucin\",\"image\":{\"@type\":\"ImageObject\",\"inLanguage\":\"fr-FR\",\"@id\":\"https:\/\/icrspmaurice.org\/#\/schema\/person\/image\/\",\"url\":\"https:\/\/secure.gravatar.com\/avatar\/a41f55bda54c148ed674ddef4b20000b?s=96&d=mm&r=g\",\"contentUrl\":\"https:\/\/secure.gravatar.com\/avatar\/a41f55bda54c148ed674ddef4b20000b?s=96&d=mm&r=g\",\"caption\":\"Vianney Poucin\"},\"url\":\"https:\/\/icrspmaurice.org\/index.php\/author\/vpoucin\/\"}]}<\/script>\n<!-- \/ Yoast SEO plugin. -->","yoast_head_json":{"title":"Dernier Dimanche apr\u00e8s la Pentec\u00f4te - le mot du Chanoine - ICRSP MAURICE","robots":{"index":"index","follow":"follow","max-snippet":"max-snippet:-1","max-image-preview":"max-image-preview:large","max-video-preview":"max-video-preview:-1"},"canonical":"https:\/\/icrspmaurice.org\/index.php\/2021\/11\/30\/dernier-dimanche-apres-la-pentecote-le-mot-du-chanoine\/","og_locale":"fr_FR","og_type":"article","og_title":"Dernier Dimanche apr\u00e8s la Pentec\u00f4te - le mot du Chanoine - ICRSP MAURICE","og_description":"Bien chers fid\u00e8les L\u2019Evangile du dernier dimanche de l\u2019Ann\u00e9e Liturgique ressemble fort \u00e0 celui du premier, qui c\u2019est le 1er Dimanche de l\u2019Avent. Notre M\u00e8re la Sainte Eglise souhaite ainsi nous placer dans un juste et n\u00e9cessaire sentiment de terreur du Jugement, pour nous inciter \u00e0 la conversion et \u00e0 mener une vie toujours plus ... Lire la suite","og_url":"https:\/\/icrspmaurice.org\/index.php\/2021\/11\/30\/dernier-dimanche-apres-la-pentecote-le-mot-du-chanoine\/","og_site_name":"ICRSP MAURICE","article_published_time":"2021-11-30T13:49:54+00:00","article_modified_time":"2022-09-03T17:11:40+00:00","og_image":[{"url":"https:\/\/icrspmaurice.org\/wp-content\/uploads\/2021\/11\/Sans-titre-148x300.jpg"}],"author":"Vianney Poucin","twitter_card":"summary_large_image","twitter_misc":{"\u00c9crit par":"Vianney Poucin","Dur\u00e9e de lecture estim\u00e9e":"3 minutes"},"schema":{"@context":"https:\/\/schema.org","@graph":[{"@type":"Article","@id":"https:\/\/icrspmaurice.org\/index.php\/2021\/11\/30\/dernier-dimanche-apres-la-pentecote-le-mot-du-chanoine\/#article","isPartOf":{"@id":"https:\/\/icrspmaurice.org\/index.php\/2021\/11\/30\/dernier-dimanche-apres-la-pentecote-le-mot-du-chanoine\/"},"author":{"name":"Vianney Poucin","@id":"https:\/\/icrspmaurice.org\/#\/schema\/person\/7bcbdf0a264e7f8209a043d5506fc633"},"headline":"Dernier Dimanche apr\u00e8s la Pentec\u00f4te &#8211; le mot du Chanoine","datePublished":"2021-11-30T13:49:54+00:00","dateModified":"2022-09-03T17:11:40+00:00","mainEntityOfPage":{"@id":"https:\/\/icrspmaurice.org\/index.php\/2021\/11\/30\/dernier-dimanche-apres-la-pentecote-le-mot-du-chanoine\/"},"wordCount":593,"publisher":{"@id":"https:\/\/icrspmaurice.org\/#organization"},"image":{"@id":"https:\/\/icrspmaurice.org\/index.php\/2021\/11\/30\/dernier-dimanche-apres-la-pentecote-le-mot-du-chanoine\/#primaryimage"},"thumbnailUrl":"https:\/\/icrspmaurice.org\/wp-content\/uploads\/2021\/11\/Sans-titre-148x300.jpg","articleSection":["Le mot du Chanoine"],"inLanguage":"fr-FR"},{"@type":"WebPage","@id":"https:\/\/icrspmaurice.org\/index.php\/2021\/11\/30\/dernier-dimanche-apres-la-pentecote-le-mot-du-chanoine\/","url":"https:\/\/icrspmaurice.org\/index.php\/2021\/11\/30\/dernier-dimanche-apres-la-pentecote-le-mot-du-chanoine\/","name":"Dernier Dimanche apr\u00e8s la Pentec\u00f4te - le mot du Chanoine - ICRSP MAURICE","isPartOf":{"@id":"https:\/\/icrspmaurice.org\/#website"},"primaryImageOfPage":{"@id":"https:\/\/icrspmaurice.org\/index.php\/2021\/11\/30\/dernier-dimanche-apres-la-pentecote-le-mot-du-chanoine\/#primaryimage"},"image":{"@id":"https:\/\/icrspmaurice.org\/index.php\/2021\/11\/30\/dernier-dimanche-apres-la-pentecote-le-mot-du-chanoine\/#primaryimage"},"thumbnailUrl":"https:\/\/icrspmaurice.org\/wp-content\/uploads\/2021\/11\/Sans-titre-148x300.jpg","datePublished":"2021-11-30T13:49:54+00:00","dateModified":"2022-09-03T17:11:40+00:00","breadcrumb":{"@id":"https:\/\/icrspmaurice.org\/index.php\/2021\/11\/30\/dernier-dimanche-apres-la-pentecote-le-mot-du-chanoine\/#breadcrumb"},"inLanguage":"fr-FR","potentialAction":[{"@type":"ReadAction","target":["https:\/\/icrspmaurice.org\/index.php\/2021\/11\/30\/dernier-dimanche-apres-la-pentecote-le-mot-du-chanoine\/"]}]},{"@type":"ImageObject","inLanguage":"fr-FR","@id":"https:\/\/icrspmaurice.org\/index.php\/2021\/11\/30\/dernier-dimanche-apres-la-pentecote-le-mot-du-chanoine\/#primaryimage","url":"https:\/\/icrspmaurice.org\/wp-content\/uploads\/2021\/11\/Sans-titre.jpg","contentUrl":"https:\/\/icrspmaurice.org\/wp-content\/uploads\/2021\/11\/Sans-titre.jpg","width":228,"height":462},{"@type":"BreadcrumbList","@id":"https:\/\/icrspmaurice.org\/index.php\/2021\/11\/30\/dernier-dimanche-apres-la-pentecote-le-mot-du-chanoine\/#breadcrumb","itemListElement":[{"@type":"ListItem","position":1,"name":"Accueil","item":"https:\/\/icrspmaurice.org\/"},{"@type":"ListItem","position":2,"name":"Dernier Dimanche apr\u00e8s la Pentec\u00f4te &#8211; le mot du Chanoine"}]},{"@type":"WebSite","@id":"https:\/\/icrspmaurice.org\/#website","url":"https:\/\/icrspmaurice.org\/","name":"ICRSP MAURICE","description":"Ile Maurice","publisher":{"@id":"https:\/\/icrspmaurice.org\/#organization"},"potentialAction":[{"@type":"SearchAction","target":{"@type":"EntryPoint","urlTemplate":"https:\/\/icrspmaurice.org\/?s={search_term_string}"},"query-input":"required name=search_term_string"}],"inLanguage":"fr-FR"},{"@type":"Organization","@id":"https:\/\/icrspmaurice.org\/#organization","name":"ICRSP MAURICE","url":"https:\/\/icrspmaurice.org\/","logo":{"@type":"ImageObject","inLanguage":"fr-FR","@id":"https:\/\/icrspmaurice.org\/#\/schema\/logo\/image\/","url":"https:\/\/icrspmaurice.org\/wp-content\/uploads\/2021\/08\/Institute-Crest.png","contentUrl":"https:\/\/icrspmaurice.org\/wp-content\/uploads\/2021\/08\/Institute-Crest.png","width":288,"height":335,"caption":"ICRSP MAURICE"},"image":{"@id":"https:\/\/icrspmaurice.org\/#\/schema\/logo\/image\/"}},{"@type":"Person","@id":"https:\/\/icrspmaurice.org\/#\/schema\/person\/7bcbdf0a264e7f8209a043d5506fc633","name":"Vianney Poucin","image":{"@type":"ImageObject","inLanguage":"fr-FR","@id":"https:\/\/icrspmaurice.org\/#\/schema\/person\/image\/","url":"https:\/\/secure.gravatar.com\/avatar\/a41f55bda54c148ed674ddef4b20000b?s=96&d=mm&r=g","contentUrl":"https:\/\/secure.gravatar.com\/avatar\/a41f55bda54c148ed674ddef4b20000b?s=96&d=mm&r=g","caption":"Vianney Poucin"},"url":"https:\/\/icrspmaurice.org\/index.php\/author\/vpoucin\/"}]}},"_links":{"self":[{"href":"https:\/\/icrspmaurice.org\/index.php\/wp-json\/wp\/v2\/posts\/205"}],"collection":[{"href":"https:\/\/icrspmaurice.org\/index.php\/wp-json\/wp\/v2\/posts"}],"about":[{"href":"https:\/\/icrspmaurice.org\/index.php\/wp-json\/wp\/v2\/types\/post"}],"author":[{"embeddable":true,"href":"https:\/\/icrspmaurice.org\/index.php\/wp-json\/wp\/v2\/users\/2"}],"replies":[{"embeddable":true,"href":"https:\/\/icrspmaurice.org\/index.php\/wp-json\/wp\/v2\/comments?post=205"}],"version-history":[{"count":2,"href":"https:\/\/icrspmaurice.org\/index.php\/wp-json\/wp\/v2\/posts\/205\/revisions"}],"predecessor-version":[{"id":209,"href":"https:\/\/icrspmaurice.org\/index.php\/wp-json\/wp\/v2\/posts\/205\/revisions\/209"}],"wp:attachment":[{"href":"https:\/\/icrspmaurice.org\/index.php\/wp-json\/wp\/v2\/media?parent=205"}],"wp:term":[{"taxonomy":"category","embeddable":true,"href":"https:\/\/icrspmaurice.org\/index.php\/wp-json\/wp\/v2\/categories?post=205"},{"taxonomy":"post_tag","embeddable":true,"href":"https:\/\/icrspmaurice.org\/index.php\/wp-json\/wp\/v2\/tags?post=205"}],"curies":[{"name":"wp","href":"https:\/\/api.w.org\/{rel}","templated":true}]}}