{"id":211,"date":"2021-11-30T14:53:11","date_gmt":"2021-11-30T13:53:11","guid":{"rendered":"https:\/\/icrspmaurice.org\/?p=211"},"modified":"2022-09-03T19:11:40","modified_gmt":"2022-09-03T17:11:40","slug":"1er-dimanche-de-lavent-le-mot-du-chanoine","status":"publish","type":"post","link":"https:\/\/icrspmaurice.org\/index.php\/2021\/11\/30\/1er-dimanche-de-lavent-le-mot-du-chanoine\/","title":{"rendered":"1er Dimanche de l&rsquo;Avent &#8211; le mot du Chanoine"},"content":{"rendered":"<p>Bien chers fid\u00e8les<\/p>\n<p>\u00ab&nbsp;Notre Seigneur et R\u00e9dempteur, d\u00e9sirant nous trouver pr\u00eats, nous annonce les maux qui doivent accompagner la vieillesse du monde, pour nous d\u00e9tourner de son amour. Il nous fait conna\u00eetre les maux qui pr\u00e9c\u00e9deront sa fin prochaine, afin que, si nous ne voulons pas craindre Dieu dans la tranquillit\u00e9, nous redoutions au moins son prochain jugement et soyons comme atterr\u00e9s par les coups de sa justice.&nbsp;\u00bb (Saint Gr\u00e9goire, Pape, Extrait des le\u00e7ons du Br\u00e9viaire pour le 1erDimanche de l\u2019Avent)<\/p>\n<p><img decoding=\"async\" loading=\"lazy\" class=\"size-full wp-image-212 alignleft\" src=\"https:\/\/icrspmaurice.org\/wp-content\/uploads\/2021\/11\/Sans-titre-1.jpg\" alt=\"\" width=\"172\" height=\"214\">Voici donc enfin venu ce temps de p\u00e9nitence salutaire, qui inaugure chacune de nos ann\u00e9es liturgiques. Temps de pr\u00e9paration \u00e0 la venue de notre Sauveur dans notre c\u0153ur. Temps de p\u00e9nitence et d\u2019humiliation de nous-m\u00eame pour ressembler toujours plus \u00e0 l\u2019Enfant-J\u00e9sus, qui v\u00eent humblement dans une \u00e9table, alors qu\u2019il aurait pu choisir le palais d\u2019un roi, \u00e9tant le Cr\u00e9ateur et Ma\u00eetre de toutes choses.<\/p>\n<p>Notre M\u00e8re, la Sainte Eglise offre ainsi \u00e0 notre m\u00e9ditation de ce 1er Dimanche de l\u2019Avent un Evangile similaire \u00e0 celui que nous avons lu dimanche dernier, et ce pour exciter, ainsi que le dit si bellement Saint Gr\u00e9goire, une terreur salutaire, et nous inviter par l\u00e0 \u00e0 une vie toujours plus faites d\u2019offrandes et de sacrifices pour l\u2019amour de Dieu.<\/p>\n<p>La messe d\u2019aujourd\u2019hui, la premi\u00e8re que nous c\u00e9l\u00e9brions au seuil de l\u2019ann\u00e9e nouvelle, nous offre dans ses textes trois choses&nbsp;: un message d\u2019Avent (\u00c9vangile), un avertissement d\u2019Avent (\u00c9p\u00eetre) et des pri\u00e8res d\u2019Avent (Intro\u00eft, Oraisons).<\/p>\n<p>Marie s\u2019avance pour nous instruire, dans l\u2019\u00c9p\u00eetre. Marie se tient debout devant nous, \u00e0 l\u2019aurore du jour de d\u00e9livrance. Sur la terre s\u2019\u00e9tendait jusqu\u2019ici une nuit profonde&nbsp;; les hommes dormaient, rev\u00eatus du v\u00eatement nocturne du p\u00e9ch\u00e9. Mais le jour de la R\u00e9demption n\u2019est pas \u00e9loign\u00e9, les premiers feux de l\u2019aurore s\u2019allument \u00e0 l\u2019horizon, le Roi est proche. Il appelle au combat ses chevaliers de lumi\u00e8re&nbsp;; Marie parle comme notre guide Rev\u00eatez la cuirasse de lumi\u00e8re&nbsp;; mieux encore&nbsp;: rev\u00eatez-vous du Seigneur J\u00e9sus, comme je m\u2019en suis rev\u00eatue moi-m\u00eame.<\/p>\n<p>A l\u2019\u00c9vangile, le Seigneur para\u00eet dans sa puissance et sa majest\u00e9. C\u2019est d\u00e9j\u00e0 la r\u00e9ponse \u00e0 l\u2019Excita. Nous regardons en haut et nous levons nos t\u00eates, car notre R\u00e9demption s\u2019approche. La Parole est maintenant suivie de l\u2019Acte, tant du c\u00f4t\u00e9 des hommes que du c\u00f4t\u00e9 de Dieu. Pour montrer que ce ne sont pas de simples paroles, nous nous offrons nous-m\u00eames dans le symbole de l\u2019offrande et nous accompagnons cette offrande de nos d\u00e9sirs.&nbsp;<\/p>\n<p>Nous voyons pointer l\u2019aurore du jour de la R\u00e9demption&nbsp;!<\/p>\n<p>Gardons courage dans notre bataille spirituelle contre le mal, pour notre salut. Ayons confiance dans la Mis\u00e9ricorde toute puissante de Dieu, qui seule saura nous garder des dangers mortels qui nous guettent!<\/p>\n<p>Bon et Saint Avent!<\/p>\n<p style=\"text-align: right;\">Chanoine V. Poucin de Wouilt<\/p>\n","protected":false},"excerpt":{"rendered":"<p>Bien chers fid\u00e8les \u00ab&nbsp;Notre Seigneur et R\u00e9dempteur, d\u00e9sirant nous trouver pr\u00eats, nous annonce les maux qui doivent accompagner la vieillesse du monde, pour nous d\u00e9tourner de son amour. Il nous fait conna\u00eetre les maux qui pr\u00e9c\u00e9deront sa fin prochaine, afin que, si nous ne voulons pas craindre Dieu dans la tranquillit\u00e9, nous redoutions au moins &#8230; <a title=\"1er Dimanche de l&rsquo;Avent &#8211; le mot du Chanoine\" class=\"read-more\" href=\"https:\/\/icrspmaurice.org\/index.php\/2021\/11\/30\/1er-dimanche-de-lavent-le-mot-du-chanoine\/\" aria-label=\"En savoir plus sur 1er Dimanche de l&rsquo;Avent &#8211; le mot du Chanoine\">Lire la suite<\/a><\/p>\n","protected":false},"author":2,"featured_media":0,"comment_status":"closed","ping_status":"closed","sticky":false,"template":"","format":"standard","meta":{"ngg_post_thumbnail":0,"footnotes":"","_links_to":"","_links_to_target":""},"categories":[3,1],"tags":[],"yoast_head":"<!-- This site is optimized with the Yoast SEO plugin v22.6 - https:\/\/yoast.com\/wordpress\/plugins\/seo\/ -->\n<title>1er Dimanche de l&#039;Avent - le mot du Chanoine - ICRSP MAURICE<\/title>\n<meta name=\"robots\" content=\"index, follow, max-snippet:-1, max-image-preview:large, max-video-preview:-1\" \/>\n<link rel=\"canonical\" href=\"https:\/\/icrspmaurice.org\/index.php\/2021\/11\/30\/1er-dimanche-de-lavent-le-mot-du-chanoine\/\" \/>\n<meta property=\"og:locale\" content=\"fr_FR\" \/>\n<meta property=\"og:type\" content=\"article\" \/>\n<meta property=\"og:title\" content=\"1er Dimanche de l&#039;Avent - le mot du Chanoine - ICRSP MAURICE\" \/>\n<meta property=\"og:description\" content=\"Bien chers fid\u00e8les \u00ab&nbsp;Notre Seigneur et R\u00e9dempteur, d\u00e9sirant nous trouver pr\u00eats, nous annonce les maux qui doivent accompagner la vieillesse du monde, pour nous d\u00e9tourner de son amour. Il nous fait conna\u00eetre les maux qui pr\u00e9c\u00e9deront sa fin prochaine, afin que, si nous ne voulons pas craindre Dieu dans la tranquillit\u00e9, nous redoutions au moins ... Lire la suite\" \/>\n<meta property=\"og:url\" content=\"https:\/\/icrspmaurice.org\/index.php\/2021\/11\/30\/1er-dimanche-de-lavent-le-mot-du-chanoine\/\" \/>\n<meta property=\"og:site_name\" content=\"ICRSP MAURICE\" \/>\n<meta property=\"article:published_time\" content=\"2021-11-30T13:53:11+00:00\" \/>\n<meta property=\"article:modified_time\" content=\"2022-09-03T17:11:40+00:00\" \/>\n<meta property=\"og:image\" content=\"https:\/\/icrspmaurice.org\/wp-content\/uploads\/2021\/11\/Sans-titre-1.jpg\" \/>\n<meta name=\"author\" content=\"Vianney Poucin\" \/>\n<meta name=\"twitter:card\" content=\"summary_large_image\" \/>\n<meta name=\"twitter:label1\" content=\"\u00c9crit par\" \/>\n\t<meta name=\"twitter:data1\" content=\"Vianney Poucin\" \/>\n\t<meta name=\"twitter:label2\" content=\"Dur\u00e9e de lecture estim\u00e9e\" \/>\n\t<meta name=\"twitter:data2\" content=\"3 minutes\" \/>\n<script type=\"application\/ld+json\" class=\"yoast-schema-graph\">{\"@context\":\"https:\/\/schema.org\",\"@graph\":[{\"@type\":\"Article\",\"@id\":\"https:\/\/icrspmaurice.org\/index.php\/2021\/11\/30\/1er-dimanche-de-lavent-le-mot-du-chanoine\/#article\",\"isPartOf\":{\"@id\":\"https:\/\/icrspmaurice.org\/index.php\/2021\/11\/30\/1er-dimanche-de-lavent-le-mot-du-chanoine\/\"},\"author\":{\"name\":\"Vianney Poucin\",\"@id\":\"https:\/\/icrspmaurice.org\/#\/schema\/person\/7bcbdf0a264e7f8209a043d5506fc633\"},\"headline\":\"1er Dimanche de l&rsquo;Avent &#8211; le mot du Chanoine\",\"datePublished\":\"2021-11-30T13:53:11+00:00\",\"dateModified\":\"2022-09-03T17:11:40+00:00\",\"mainEntityOfPage\":{\"@id\":\"https:\/\/icrspmaurice.org\/index.php\/2021\/11\/30\/1er-dimanche-de-lavent-le-mot-du-chanoine\/\"},\"wordCount\":548,\"publisher\":{\"@id\":\"https:\/\/icrspmaurice.org\/#organization\"},\"image\":{\"@id\":\"https:\/\/icrspmaurice.org\/index.php\/2021\/11\/30\/1er-dimanche-de-lavent-le-mot-du-chanoine\/#primaryimage\"},\"thumbnailUrl\":\"https:\/\/icrspmaurice.org\/wp-content\/uploads\/2021\/11\/Sans-titre-1.jpg\",\"articleSection\":[\"Le mot du Chanoine\"],\"inLanguage\":\"fr-FR\"},{\"@type\":\"WebPage\",\"@id\":\"https:\/\/icrspmaurice.org\/index.php\/2021\/11\/30\/1er-dimanche-de-lavent-le-mot-du-chanoine\/\",\"url\":\"https:\/\/icrspmaurice.org\/index.php\/2021\/11\/30\/1er-dimanche-de-lavent-le-mot-du-chanoine\/\",\"name\":\"1er Dimanche de l'Avent - le mot du Chanoine - ICRSP MAURICE\",\"isPartOf\":{\"@id\":\"https:\/\/icrspmaurice.org\/#website\"},\"primaryImageOfPage\":{\"@id\":\"https:\/\/icrspmaurice.org\/index.php\/2021\/11\/30\/1er-dimanche-de-lavent-le-mot-du-chanoine\/#primaryimage\"},\"image\":{\"@id\":\"https:\/\/icrspmaurice.org\/index.php\/2021\/11\/30\/1er-dimanche-de-lavent-le-mot-du-chanoine\/#primaryimage\"},\"thumbnailUrl\":\"https:\/\/icrspmaurice.org\/wp-content\/uploads\/2021\/11\/Sans-titre-1.jpg\",\"datePublished\":\"2021-11-30T13:53:11+00:00\",\"dateModified\":\"2022-09-03T17:11:40+00:00\",\"breadcrumb\":{\"@id\":\"https:\/\/icrspmaurice.org\/index.php\/2021\/11\/30\/1er-dimanche-de-lavent-le-mot-du-chanoine\/#breadcrumb\"},\"inLanguage\":\"fr-FR\",\"potentialAction\":[{\"@type\":\"ReadAction\",\"target\":[\"https:\/\/icrspmaurice.org\/index.php\/2021\/11\/30\/1er-dimanche-de-lavent-le-mot-du-chanoine\/\"]}]},{\"@type\":\"ImageObject\",\"inLanguage\":\"fr-FR\",\"@id\":\"https:\/\/icrspmaurice.org\/index.php\/2021\/11\/30\/1er-dimanche-de-lavent-le-mot-du-chanoine\/#primaryimage\",\"url\":\"https:\/\/icrspmaurice.org\/wp-content\/uploads\/2021\/11\/Sans-titre-1.jpg\",\"contentUrl\":\"https:\/\/icrspmaurice.org\/wp-content\/uploads\/2021\/11\/Sans-titre-1.jpg\",\"width\":172,\"height\":214},{\"@type\":\"BreadcrumbList\",\"@id\":\"https:\/\/icrspmaurice.org\/index.php\/2021\/11\/30\/1er-dimanche-de-lavent-le-mot-du-chanoine\/#breadcrumb\",\"itemListElement\":[{\"@type\":\"ListItem\",\"position\":1,\"name\":\"Accueil\",\"item\":\"https:\/\/icrspmaurice.org\/\"},{\"@type\":\"ListItem\",\"position\":2,\"name\":\"1er Dimanche de l&#8217;Avent &#8211; le mot du Chanoine\"}]},{\"@type\":\"WebSite\",\"@id\":\"https:\/\/icrspmaurice.org\/#website\",\"url\":\"https:\/\/icrspmaurice.org\/\",\"name\":\"ICRSP MAURICE\",\"description\":\"Ile Maurice\",\"publisher\":{\"@id\":\"https:\/\/icrspmaurice.org\/#organization\"},\"potentialAction\":[{\"@type\":\"SearchAction\",\"target\":{\"@type\":\"EntryPoint\",\"urlTemplate\":\"https:\/\/icrspmaurice.org\/?s={search_term_string}\"},\"query-input\":\"required name=search_term_string\"}],\"inLanguage\":\"fr-FR\"},{\"@type\":\"Organization\",\"@id\":\"https:\/\/icrspmaurice.org\/#organization\",\"name\":\"ICRSP MAURICE\",\"url\":\"https:\/\/icrspmaurice.org\/\",\"logo\":{\"@type\":\"ImageObject\",\"inLanguage\":\"fr-FR\",\"@id\":\"https:\/\/icrspmaurice.org\/#\/schema\/logo\/image\/\",\"url\":\"https:\/\/icrspmaurice.org\/wp-content\/uploads\/2021\/08\/Institute-Crest.png\",\"contentUrl\":\"https:\/\/icrspmaurice.org\/wp-content\/uploads\/2021\/08\/Institute-Crest.png\",\"width\":288,\"height\":335,\"caption\":\"ICRSP MAURICE\"},\"image\":{\"@id\":\"https:\/\/icrspmaurice.org\/#\/schema\/logo\/image\/\"}},{\"@type\":\"Person\",\"@id\":\"https:\/\/icrspmaurice.org\/#\/schema\/person\/7bcbdf0a264e7f8209a043d5506fc633\",\"name\":\"Vianney Poucin\",\"image\":{\"@type\":\"ImageObject\",\"inLanguage\":\"fr-FR\",\"@id\":\"https:\/\/icrspmaurice.org\/#\/schema\/person\/image\/\",\"url\":\"https:\/\/secure.gravatar.com\/avatar\/a41f55bda54c148ed674ddef4b20000b?s=96&d=mm&r=g\",\"contentUrl\":\"https:\/\/secure.gravatar.com\/avatar\/a41f55bda54c148ed674ddef4b20000b?s=96&d=mm&r=g\",\"caption\":\"Vianney Poucin\"},\"url\":\"https:\/\/icrspmaurice.org\/index.php\/author\/vpoucin\/\"}]}<\/script>\n<!-- \/ Yoast SEO plugin. -->","yoast_head_json":{"title":"1er Dimanche de l'Avent - le mot du Chanoine - ICRSP MAURICE","robots":{"index":"index","follow":"follow","max-snippet":"max-snippet:-1","max-image-preview":"max-image-preview:large","max-video-preview":"max-video-preview:-1"},"canonical":"https:\/\/icrspmaurice.org\/index.php\/2021\/11\/30\/1er-dimanche-de-lavent-le-mot-du-chanoine\/","og_locale":"fr_FR","og_type":"article","og_title":"1er Dimanche de l'Avent - le mot du Chanoine - ICRSP MAURICE","og_description":"Bien chers fid\u00e8les \u00ab&nbsp;Notre Seigneur et R\u00e9dempteur, d\u00e9sirant nous trouver pr\u00eats, nous annonce les maux qui doivent accompagner la vieillesse du monde, pour nous d\u00e9tourner de son amour. Il nous fait conna\u00eetre les maux qui pr\u00e9c\u00e9deront sa fin prochaine, afin que, si nous ne voulons pas craindre Dieu dans la tranquillit\u00e9, nous redoutions au moins ... Lire la suite","og_url":"https:\/\/icrspmaurice.org\/index.php\/2021\/11\/30\/1er-dimanche-de-lavent-le-mot-du-chanoine\/","og_site_name":"ICRSP MAURICE","article_published_time":"2021-11-30T13:53:11+00:00","article_modified_time":"2022-09-03T17:11:40+00:00","og_image":[{"url":"https:\/\/icrspmaurice.org\/wp-content\/uploads\/2021\/11\/Sans-titre-1.jpg"}],"author":"Vianney Poucin","twitter_card":"summary_large_image","twitter_misc":{"\u00c9crit par":"Vianney Poucin","Dur\u00e9e de lecture estim\u00e9e":"3 minutes"},"schema":{"@context":"https:\/\/schema.org","@graph":[{"@type":"Article","@id":"https:\/\/icrspmaurice.org\/index.php\/2021\/11\/30\/1er-dimanche-de-lavent-le-mot-du-chanoine\/#article","isPartOf":{"@id":"https:\/\/icrspmaurice.org\/index.php\/2021\/11\/30\/1er-dimanche-de-lavent-le-mot-du-chanoine\/"},"author":{"name":"Vianney Poucin","@id":"https:\/\/icrspmaurice.org\/#\/schema\/person\/7bcbdf0a264e7f8209a043d5506fc633"},"headline":"1er Dimanche de l&rsquo;Avent &#8211; le mot du Chanoine","datePublished":"2021-11-30T13:53:11+00:00","dateModified":"2022-09-03T17:11:40+00:00","mainEntityOfPage":{"@id":"https:\/\/icrspmaurice.org\/index.php\/2021\/11\/30\/1er-dimanche-de-lavent-le-mot-du-chanoine\/"},"wordCount":548,"publisher":{"@id":"https:\/\/icrspmaurice.org\/#organization"},"image":{"@id":"https:\/\/icrspmaurice.org\/index.php\/2021\/11\/30\/1er-dimanche-de-lavent-le-mot-du-chanoine\/#primaryimage"},"thumbnailUrl":"https:\/\/icrspmaurice.org\/wp-content\/uploads\/2021\/11\/Sans-titre-1.jpg","articleSection":["Le mot du Chanoine"],"inLanguage":"fr-FR"},{"@type":"WebPage","@id":"https:\/\/icrspmaurice.org\/index.php\/2021\/11\/30\/1er-dimanche-de-lavent-le-mot-du-chanoine\/","url":"https:\/\/icrspmaurice.org\/index.php\/2021\/11\/30\/1er-dimanche-de-lavent-le-mot-du-chanoine\/","name":"1er Dimanche de l'Avent - le mot du Chanoine - ICRSP MAURICE","isPartOf":{"@id":"https:\/\/icrspmaurice.org\/#website"},"primaryImageOfPage":{"@id":"https:\/\/icrspmaurice.org\/index.php\/2021\/11\/30\/1er-dimanche-de-lavent-le-mot-du-chanoine\/#primaryimage"},"image":{"@id":"https:\/\/icrspmaurice.org\/index.php\/2021\/11\/30\/1er-dimanche-de-lavent-le-mot-du-chanoine\/#primaryimage"},"thumbnailUrl":"https:\/\/icrspmaurice.org\/wp-content\/uploads\/2021\/11\/Sans-titre-1.jpg","datePublished":"2021-11-30T13:53:11+00:00","dateModified":"2022-09-03T17:11:40+00:00","breadcrumb":{"@id":"https:\/\/icrspmaurice.org\/index.php\/2021\/11\/30\/1er-dimanche-de-lavent-le-mot-du-chanoine\/#breadcrumb"},"inLanguage":"fr-FR","potentialAction":[{"@type":"ReadAction","target":["https:\/\/icrspmaurice.org\/index.php\/2021\/11\/30\/1er-dimanche-de-lavent-le-mot-du-chanoine\/"]}]},{"@type":"ImageObject","inLanguage":"fr-FR","@id":"https:\/\/icrspmaurice.org\/index.php\/2021\/11\/30\/1er-dimanche-de-lavent-le-mot-du-chanoine\/#primaryimage","url":"https:\/\/icrspmaurice.org\/wp-content\/uploads\/2021\/11\/Sans-titre-1.jpg","contentUrl":"https:\/\/icrspmaurice.org\/wp-content\/uploads\/2021\/11\/Sans-titre-1.jpg","width":172,"height":214},{"@type":"BreadcrumbList","@id":"https:\/\/icrspmaurice.org\/index.php\/2021\/11\/30\/1er-dimanche-de-lavent-le-mot-du-chanoine\/#breadcrumb","itemListElement":[{"@type":"ListItem","position":1,"name":"Accueil","item":"https:\/\/icrspmaurice.org\/"},{"@type":"ListItem","position":2,"name":"1er Dimanche de l&#8217;Avent &#8211; le mot du Chanoine"}]},{"@type":"WebSite","@id":"https:\/\/icrspmaurice.org\/#website","url":"https:\/\/icrspmaurice.org\/","name":"ICRSP MAURICE","description":"Ile Maurice","publisher":{"@id":"https:\/\/icrspmaurice.org\/#organization"},"potentialAction":[{"@type":"SearchAction","target":{"@type":"EntryPoint","urlTemplate":"https:\/\/icrspmaurice.org\/?s={search_term_string}"},"query-input":"required name=search_term_string"}],"inLanguage":"fr-FR"},{"@type":"Organization","@id":"https:\/\/icrspmaurice.org\/#organization","name":"ICRSP MAURICE","url":"https:\/\/icrspmaurice.org\/","logo":{"@type":"ImageObject","inLanguage":"fr-FR","@id":"https:\/\/icrspmaurice.org\/#\/schema\/logo\/image\/","url":"https:\/\/icrspmaurice.org\/wp-content\/uploads\/2021\/08\/Institute-Crest.png","contentUrl":"https:\/\/icrspmaurice.org\/wp-content\/uploads\/2021\/08\/Institute-Crest.png","width":288,"height":335,"caption":"ICRSP MAURICE"},"image":{"@id":"https:\/\/icrspmaurice.org\/#\/schema\/logo\/image\/"}},{"@type":"Person","@id":"https:\/\/icrspmaurice.org\/#\/schema\/person\/7bcbdf0a264e7f8209a043d5506fc633","name":"Vianney Poucin","image":{"@type":"ImageObject","inLanguage":"fr-FR","@id":"https:\/\/icrspmaurice.org\/#\/schema\/person\/image\/","url":"https:\/\/secure.gravatar.com\/avatar\/a41f55bda54c148ed674ddef4b20000b?s=96&d=mm&r=g","contentUrl":"https:\/\/secure.gravatar.com\/avatar\/a41f55bda54c148ed674ddef4b20000b?s=96&d=mm&r=g","caption":"Vianney Poucin"},"url":"https:\/\/icrspmaurice.org\/index.php\/author\/vpoucin\/"}]}},"_links":{"self":[{"href":"https:\/\/icrspmaurice.org\/index.php\/wp-json\/wp\/v2\/posts\/211"}],"collection":[{"href":"https:\/\/icrspmaurice.org\/index.php\/wp-json\/wp\/v2\/posts"}],"about":[{"href":"https:\/\/icrspmaurice.org\/index.php\/wp-json\/wp\/v2\/types\/post"}],"author":[{"embeddable":true,"href":"https:\/\/icrspmaurice.org\/index.php\/wp-json\/wp\/v2\/users\/2"}],"replies":[{"embeddable":true,"href":"https:\/\/icrspmaurice.org\/index.php\/wp-json\/wp\/v2\/comments?post=211"}],"version-history":[{"count":1,"href":"https:\/\/icrspmaurice.org\/index.php\/wp-json\/wp\/v2\/posts\/211\/revisions"}],"predecessor-version":[{"id":213,"href":"https:\/\/icrspmaurice.org\/index.php\/wp-json\/wp\/v2\/posts\/211\/revisions\/213"}],"wp:attachment":[{"href":"https:\/\/icrspmaurice.org\/index.php\/wp-json\/wp\/v2\/media?parent=211"}],"wp:term":[{"taxonomy":"category","embeddable":true,"href":"https:\/\/icrspmaurice.org\/index.php\/wp-json\/wp\/v2\/categories?post=211"},{"taxonomy":"post_tag","embeddable":true,"href":"https:\/\/icrspmaurice.org\/index.php\/wp-json\/wp\/v2\/tags?post=211"}],"curies":[{"name":"wp","href":"https:\/\/api.w.org\/{rel}","templated":true}]}}