{"id":280,"date":"2022-03-12T17:16:32","date_gmt":"2022-03-12T16:16:32","guid":{"rendered":"https:\/\/icrspmaurice.org\/?p=280"},"modified":"2022-09-03T19:11:37","modified_gmt":"2022-09-03T17:11:37","slug":"280","status":"publish","type":"post","link":"https:\/\/icrspmaurice.org\/index.php\/2022\/03\/12\/280\/","title":{"rendered":"2e Dimanche de Car\u00eame &#8211; Le mot du Chanoine"},"content":{"rendered":"<p>Bien chers fid\u00e8les<\/p>\n<p><em><img decoding=\"async\" loading=\"lazy\" class=\"size-full wp-image-283 alignleft\" src=\"https:\/\/icrspmaurice.org\/wp-content\/uploads\/2022\/03\/Sans-titre.jpg\" alt=\"\" width=\"281\" height=\"242\">\u00ab&nbsp;\u00ab&nbsp;J\u00e9sus prit avec lui Pierre, Jacques et Jean son fr\u00e8re&nbsp;\u00bb et, ayant gravi avec eux une haute montagne, \u00e0 l\u2019\u00e9cart, il leur manifesta l\u2019\u00e9clat de sa gloire, [\u2026] l\u2019\u00e9clat royal qui convenait sp\u00e9cialement \u00e0 [sa] nature humaine assum\u00e9e et qu\u2019il voulut rendre visible \u00e0 ces trois hommes. Car, pour ce qui est de la vision ineffable et inaccessible de la Divinit\u00e9 elle-m\u00eame, &#8211; vision r\u00e9serv\u00e9e aux purs de c\u0153ur, pour la vie \u00e9ternelle, des \u00eatres encore rev\u00eatus d\u2019une chair mortelle ne pouvaient en aucune fa\u00e7on la contempler ni m\u00eame la voir.&nbsp;\u00bb<\/em> (Sermon de Saint L\u00e9on, Pape, extraits du <u>Br\u00e9viaire Romain<\/u>)<\/p>\n<p>Le 2<sup>e<\/sup> Dimanche de Car\u00eame nous emm\u00e8ne \u00e0 l\u2019\u00e9cart des turbulences du monde, pour contempler la majest\u00e9 divine dans toute sa gloire. Comme les 3 Ap\u00f4tres pr\u00e9sents, laissons-nous envelopper par cette vision ineffable, notre c\u0153ur \u00e9tant ravi par un sentiment de bonheur qui nous arrache \u00e0 la terre.<\/p>\n<p>La seule montagne ou nous pouvons trouver sur terre ce bonheur, est celle de l\u2019autel o\u00f9 s\u2019accomplit tous les jours le Divin Sacrifice de la Messe. Ce bonheur nous est alors donn\u00e9 dans la communion sacramentelle, mais \u00e9galement spirituelle, en faisant un acte d\u2019amour envers Dieu.<\/p>\n<p><em>\u00ab&nbsp;\u00c0 Vos pieds, \u00f4 mon J\u00e9sus, je me prosterne et je Vous offre&nbsp;le repentir de mon c\u0153ur contrit qui s\u2019ab\u00eeme dans son n\u00e9ant en Votre sainte Pr\u00e9sence. Je vous adore dans le Sacrement de votre Amour, l\u2019Eucharistie. Je d\u00e9sire Vous recevoir dans la pauvre demeure que Vous offre mon c\u0153ur&nbsp;; dans l\u2019attente du bonheur de la Communion sacramentelle, je veux Vous poss\u00e9der en esprit. Venez \u00e0 moi, \u00f4 mon J\u00e9sus, pour que je vienne \u00e0 Vous. Puisse votre Amour enflammer tout mon \u00eatre pour la vie et pour la mort. Je crois en Vous, j\u2019esp\u00e8re en Vous, je Vous aime. Ainsi soit-il.&nbsp;\u00bb<\/em> (<u>Pri\u00e8re pour une communion spirituelle<\/u>, Cardinal Rapha\u00ebl Merry del Val (Secr\u00e9taire d\u2019Etat sous St Pie X))<\/p>\n<p style=\"text-align: right;\">Chanoine V. Poucin de Wouilt<\/p>\n","protected":false},"excerpt":{"rendered":"<p>Bien chers fid\u00e8les \u00ab&nbsp;\u00ab&nbsp;J\u00e9sus prit avec lui Pierre, Jacques et Jean son fr\u00e8re&nbsp;\u00bb et, ayant gravi avec eux une haute montagne, \u00e0 l\u2019\u00e9cart, il leur manifesta l\u2019\u00e9clat de sa gloire, [\u2026] l\u2019\u00e9clat royal qui convenait sp\u00e9cialement \u00e0 [sa] nature humaine assum\u00e9e et qu\u2019il voulut rendre visible \u00e0 ces trois hommes. Car, pour ce qui est &#8230; <a title=\"2e Dimanche de Car\u00eame &#8211; Le mot du Chanoine\" class=\"read-more\" href=\"https:\/\/icrspmaurice.org\/index.php\/2022\/03\/12\/280\/\" aria-label=\"En savoir plus sur 2e Dimanche de Car\u00eame &#8211; Le mot du Chanoine\">Lire la suite<\/a><\/p>\n","protected":false},"author":2,"featured_media":0,"comment_status":"closed","ping_status":"closed","sticky":false,"template":"","format":"standard","meta":{"ngg_post_thumbnail":0,"footnotes":"","_links_to":"","_links_to_target":""},"categories":[3,1],"tags":[],"yoast_head":"<!-- This site is optimized with the Yoast SEO plugin v22.6 - https:\/\/yoast.com\/wordpress\/plugins\/seo\/ -->\n<title>2e Dimanche de Car\u00eame - Le mot du Chanoine - ICRSP MAURICE<\/title>\n<meta name=\"robots\" content=\"index, follow, max-snippet:-1, max-image-preview:large, max-video-preview:-1\" \/>\n<link rel=\"canonical\" href=\"https:\/\/icrspmaurice.org\/index.php\/2022\/03\/12\/280\/\" \/>\n<meta property=\"og:locale\" content=\"fr_FR\" \/>\n<meta property=\"og:type\" content=\"article\" \/>\n<meta property=\"og:title\" content=\"2e Dimanche de Car\u00eame - Le mot du Chanoine - ICRSP MAURICE\" \/>\n<meta property=\"og:description\" content=\"Bien chers fid\u00e8les \u00ab&nbsp;\u00ab&nbsp;J\u00e9sus prit avec lui Pierre, Jacques et Jean son fr\u00e8re&nbsp;\u00bb et, ayant gravi avec eux une haute montagne, \u00e0 l\u2019\u00e9cart, il leur manifesta l\u2019\u00e9clat de sa gloire, [\u2026] l\u2019\u00e9clat royal qui convenait sp\u00e9cialement \u00e0 [sa] nature humaine assum\u00e9e et qu\u2019il voulut rendre visible \u00e0 ces trois hommes. Car, pour ce qui est ... Lire la suite\" \/>\n<meta property=\"og:url\" content=\"https:\/\/icrspmaurice.org\/index.php\/2022\/03\/12\/280\/\" \/>\n<meta property=\"og:site_name\" content=\"ICRSP MAURICE\" \/>\n<meta property=\"article:published_time\" content=\"2022-03-12T16:16:32+00:00\" \/>\n<meta property=\"article:modified_time\" content=\"2022-09-03T17:11:37+00:00\" \/>\n<meta property=\"og:image\" content=\"https:\/\/icrspmaurice.org\/wp-content\/uploads\/2022\/03\/Sans-titre.jpg\" \/>\n<meta name=\"author\" content=\"Vianney Poucin\" \/>\n<meta name=\"twitter:card\" content=\"summary_large_image\" \/>\n<meta name=\"twitter:label1\" content=\"\u00c9crit par\" \/>\n\t<meta name=\"twitter:data1\" content=\"Vianney Poucin\" \/>\n\t<meta name=\"twitter:label2\" content=\"Dur\u00e9e de lecture estim\u00e9e\" \/>\n\t<meta name=\"twitter:data2\" content=\"2 minutes\" \/>\n<script type=\"application\/ld+json\" class=\"yoast-schema-graph\">{\"@context\":\"https:\/\/schema.org\",\"@graph\":[{\"@type\":\"Article\",\"@id\":\"https:\/\/icrspmaurice.org\/index.php\/2022\/03\/12\/280\/#article\",\"isPartOf\":{\"@id\":\"https:\/\/icrspmaurice.org\/index.php\/2022\/03\/12\/280\/\"},\"author\":{\"name\":\"Vianney Poucin\",\"@id\":\"https:\/\/icrspmaurice.org\/#\/schema\/person\/7bcbdf0a264e7f8209a043d5506fc633\"},\"headline\":\"2e Dimanche de Car\u00eame &#8211; Le mot du Chanoine\",\"datePublished\":\"2022-03-12T16:16:32+00:00\",\"dateModified\":\"2022-09-03T17:11:37+00:00\",\"mainEntityOfPage\":{\"@id\":\"https:\/\/icrspmaurice.org\/index.php\/2022\/03\/12\/280\/\"},\"wordCount\":373,\"publisher\":{\"@id\":\"https:\/\/icrspmaurice.org\/#organization\"},\"image\":{\"@id\":\"https:\/\/icrspmaurice.org\/index.php\/2022\/03\/12\/280\/#primaryimage\"},\"thumbnailUrl\":\"https:\/\/icrspmaurice.org\/wp-content\/uploads\/2022\/03\/Sans-titre.jpg\",\"articleSection\":[\"Le mot du Chanoine\"],\"inLanguage\":\"fr-FR\"},{\"@type\":\"WebPage\",\"@id\":\"https:\/\/icrspmaurice.org\/index.php\/2022\/03\/12\/280\/\",\"url\":\"https:\/\/icrspmaurice.org\/index.php\/2022\/03\/12\/280\/\",\"name\":\"2e Dimanche de Car\u00eame - Le mot du Chanoine - ICRSP MAURICE\",\"isPartOf\":{\"@id\":\"https:\/\/icrspmaurice.org\/#website\"},\"primaryImageOfPage\":{\"@id\":\"https:\/\/icrspmaurice.org\/index.php\/2022\/03\/12\/280\/#primaryimage\"},\"image\":{\"@id\":\"https:\/\/icrspmaurice.org\/index.php\/2022\/03\/12\/280\/#primaryimage\"},\"thumbnailUrl\":\"https:\/\/icrspmaurice.org\/wp-content\/uploads\/2022\/03\/Sans-titre.jpg\",\"datePublished\":\"2022-03-12T16:16:32+00:00\",\"dateModified\":\"2022-09-03T17:11:37+00:00\",\"breadcrumb\":{\"@id\":\"https:\/\/icrspmaurice.org\/index.php\/2022\/03\/12\/280\/#breadcrumb\"},\"inLanguage\":\"fr-FR\",\"potentialAction\":[{\"@type\":\"ReadAction\",\"target\":[\"https:\/\/icrspmaurice.org\/index.php\/2022\/03\/12\/280\/\"]}]},{\"@type\":\"ImageObject\",\"inLanguage\":\"fr-FR\",\"@id\":\"https:\/\/icrspmaurice.org\/index.php\/2022\/03\/12\/280\/#primaryimage\",\"url\":\"https:\/\/icrspmaurice.org\/wp-content\/uploads\/2022\/03\/Sans-titre.jpg\",\"contentUrl\":\"https:\/\/icrspmaurice.org\/wp-content\/uploads\/2022\/03\/Sans-titre.jpg\",\"width\":281,\"height\":242},{\"@type\":\"BreadcrumbList\",\"@id\":\"https:\/\/icrspmaurice.org\/index.php\/2022\/03\/12\/280\/#breadcrumb\",\"itemListElement\":[{\"@type\":\"ListItem\",\"position\":1,\"name\":\"Accueil\",\"item\":\"https:\/\/icrspmaurice.org\/\"},{\"@type\":\"ListItem\",\"position\":2,\"name\":\"2e Dimanche de Car\u00eame &#8211; Le mot du Chanoine\"}]},{\"@type\":\"WebSite\",\"@id\":\"https:\/\/icrspmaurice.org\/#website\",\"url\":\"https:\/\/icrspmaurice.org\/\",\"name\":\"ICRSP MAURICE\",\"description\":\"Ile Maurice\",\"publisher\":{\"@id\":\"https:\/\/icrspmaurice.org\/#organization\"},\"potentialAction\":[{\"@type\":\"SearchAction\",\"target\":{\"@type\":\"EntryPoint\",\"urlTemplate\":\"https:\/\/icrspmaurice.org\/?s={search_term_string}\"},\"query-input\":\"required name=search_term_string\"}],\"inLanguage\":\"fr-FR\"},{\"@type\":\"Organization\",\"@id\":\"https:\/\/icrspmaurice.org\/#organization\",\"name\":\"ICRSP MAURICE\",\"url\":\"https:\/\/icrspmaurice.org\/\",\"logo\":{\"@type\":\"ImageObject\",\"inLanguage\":\"fr-FR\",\"@id\":\"https:\/\/icrspmaurice.org\/#\/schema\/logo\/image\/\",\"url\":\"https:\/\/icrspmaurice.org\/wp-content\/uploads\/2021\/08\/Institute-Crest.png\",\"contentUrl\":\"https:\/\/icrspmaurice.org\/wp-content\/uploads\/2021\/08\/Institute-Crest.png\",\"width\":288,\"height\":335,\"caption\":\"ICRSP MAURICE\"},\"image\":{\"@id\":\"https:\/\/icrspmaurice.org\/#\/schema\/logo\/image\/\"}},{\"@type\":\"Person\",\"@id\":\"https:\/\/icrspmaurice.org\/#\/schema\/person\/7bcbdf0a264e7f8209a043d5506fc633\",\"name\":\"Vianney Poucin\",\"image\":{\"@type\":\"ImageObject\",\"inLanguage\":\"fr-FR\",\"@id\":\"https:\/\/icrspmaurice.org\/#\/schema\/person\/image\/\",\"url\":\"https:\/\/secure.gravatar.com\/avatar\/a41f55bda54c148ed674ddef4b20000b?s=96&d=mm&r=g\",\"contentUrl\":\"https:\/\/secure.gravatar.com\/avatar\/a41f55bda54c148ed674ddef4b20000b?s=96&d=mm&r=g\",\"caption\":\"Vianney Poucin\"},\"url\":\"https:\/\/icrspmaurice.org\/index.php\/author\/vpoucin\/\"}]}<\/script>\n<!-- \/ Yoast SEO plugin. -->","yoast_head_json":{"title":"2e Dimanche de Car\u00eame - Le mot du Chanoine - ICRSP MAURICE","robots":{"index":"index","follow":"follow","max-snippet":"max-snippet:-1","max-image-preview":"max-image-preview:large","max-video-preview":"max-video-preview:-1"},"canonical":"https:\/\/icrspmaurice.org\/index.php\/2022\/03\/12\/280\/","og_locale":"fr_FR","og_type":"article","og_title":"2e Dimanche de Car\u00eame - Le mot du Chanoine - ICRSP MAURICE","og_description":"Bien chers fid\u00e8les \u00ab&nbsp;\u00ab&nbsp;J\u00e9sus prit avec lui Pierre, Jacques et Jean son fr\u00e8re&nbsp;\u00bb et, ayant gravi avec eux une haute montagne, \u00e0 l\u2019\u00e9cart, il leur manifesta l\u2019\u00e9clat de sa gloire, [\u2026] l\u2019\u00e9clat royal qui convenait sp\u00e9cialement \u00e0 [sa] nature humaine assum\u00e9e et qu\u2019il voulut rendre visible \u00e0 ces trois hommes. Car, pour ce qui est ... Lire la suite","og_url":"https:\/\/icrspmaurice.org\/index.php\/2022\/03\/12\/280\/","og_site_name":"ICRSP MAURICE","article_published_time":"2022-03-12T16:16:32+00:00","article_modified_time":"2022-09-03T17:11:37+00:00","og_image":[{"url":"https:\/\/icrspmaurice.org\/wp-content\/uploads\/2022\/03\/Sans-titre.jpg"}],"author":"Vianney Poucin","twitter_card":"summary_large_image","twitter_misc":{"\u00c9crit par":"Vianney Poucin","Dur\u00e9e de lecture estim\u00e9e":"2 minutes"},"schema":{"@context":"https:\/\/schema.org","@graph":[{"@type":"Article","@id":"https:\/\/icrspmaurice.org\/index.php\/2022\/03\/12\/280\/#article","isPartOf":{"@id":"https:\/\/icrspmaurice.org\/index.php\/2022\/03\/12\/280\/"},"author":{"name":"Vianney Poucin","@id":"https:\/\/icrspmaurice.org\/#\/schema\/person\/7bcbdf0a264e7f8209a043d5506fc633"},"headline":"2e Dimanche de Car\u00eame &#8211; Le mot du Chanoine","datePublished":"2022-03-12T16:16:32+00:00","dateModified":"2022-09-03T17:11:37+00:00","mainEntityOfPage":{"@id":"https:\/\/icrspmaurice.org\/index.php\/2022\/03\/12\/280\/"},"wordCount":373,"publisher":{"@id":"https:\/\/icrspmaurice.org\/#organization"},"image":{"@id":"https:\/\/icrspmaurice.org\/index.php\/2022\/03\/12\/280\/#primaryimage"},"thumbnailUrl":"https:\/\/icrspmaurice.org\/wp-content\/uploads\/2022\/03\/Sans-titre.jpg","articleSection":["Le mot du Chanoine"],"inLanguage":"fr-FR"},{"@type":"WebPage","@id":"https:\/\/icrspmaurice.org\/index.php\/2022\/03\/12\/280\/","url":"https:\/\/icrspmaurice.org\/index.php\/2022\/03\/12\/280\/","name":"2e Dimanche de Car\u00eame - Le mot du Chanoine - ICRSP MAURICE","isPartOf":{"@id":"https:\/\/icrspmaurice.org\/#website"},"primaryImageOfPage":{"@id":"https:\/\/icrspmaurice.org\/index.php\/2022\/03\/12\/280\/#primaryimage"},"image":{"@id":"https:\/\/icrspmaurice.org\/index.php\/2022\/03\/12\/280\/#primaryimage"},"thumbnailUrl":"https:\/\/icrspmaurice.org\/wp-content\/uploads\/2022\/03\/Sans-titre.jpg","datePublished":"2022-03-12T16:16:32+00:00","dateModified":"2022-09-03T17:11:37+00:00","breadcrumb":{"@id":"https:\/\/icrspmaurice.org\/index.php\/2022\/03\/12\/280\/#breadcrumb"},"inLanguage":"fr-FR","potentialAction":[{"@type":"ReadAction","target":["https:\/\/icrspmaurice.org\/index.php\/2022\/03\/12\/280\/"]}]},{"@type":"ImageObject","inLanguage":"fr-FR","@id":"https:\/\/icrspmaurice.org\/index.php\/2022\/03\/12\/280\/#primaryimage","url":"https:\/\/icrspmaurice.org\/wp-content\/uploads\/2022\/03\/Sans-titre.jpg","contentUrl":"https:\/\/icrspmaurice.org\/wp-content\/uploads\/2022\/03\/Sans-titre.jpg","width":281,"height":242},{"@type":"BreadcrumbList","@id":"https:\/\/icrspmaurice.org\/index.php\/2022\/03\/12\/280\/#breadcrumb","itemListElement":[{"@type":"ListItem","position":1,"name":"Accueil","item":"https:\/\/icrspmaurice.org\/"},{"@type":"ListItem","position":2,"name":"2e Dimanche de Car\u00eame &#8211; Le mot du Chanoine"}]},{"@type":"WebSite","@id":"https:\/\/icrspmaurice.org\/#website","url":"https:\/\/icrspmaurice.org\/","name":"ICRSP MAURICE","description":"Ile Maurice","publisher":{"@id":"https:\/\/icrspmaurice.org\/#organization"},"potentialAction":[{"@type":"SearchAction","target":{"@type":"EntryPoint","urlTemplate":"https:\/\/icrspmaurice.org\/?s={search_term_string}"},"query-input":"required name=search_term_string"}],"inLanguage":"fr-FR"},{"@type":"Organization","@id":"https:\/\/icrspmaurice.org\/#organization","name":"ICRSP MAURICE","url":"https:\/\/icrspmaurice.org\/","logo":{"@type":"ImageObject","inLanguage":"fr-FR","@id":"https:\/\/icrspmaurice.org\/#\/schema\/logo\/image\/","url":"https:\/\/icrspmaurice.org\/wp-content\/uploads\/2021\/08\/Institute-Crest.png","contentUrl":"https:\/\/icrspmaurice.org\/wp-content\/uploads\/2021\/08\/Institute-Crest.png","width":288,"height":335,"caption":"ICRSP MAURICE"},"image":{"@id":"https:\/\/icrspmaurice.org\/#\/schema\/logo\/image\/"}},{"@type":"Person","@id":"https:\/\/icrspmaurice.org\/#\/schema\/person\/7bcbdf0a264e7f8209a043d5506fc633","name":"Vianney Poucin","image":{"@type":"ImageObject","inLanguage":"fr-FR","@id":"https:\/\/icrspmaurice.org\/#\/schema\/person\/image\/","url":"https:\/\/secure.gravatar.com\/avatar\/a41f55bda54c148ed674ddef4b20000b?s=96&d=mm&r=g","contentUrl":"https:\/\/secure.gravatar.com\/avatar\/a41f55bda54c148ed674ddef4b20000b?s=96&d=mm&r=g","caption":"Vianney Poucin"},"url":"https:\/\/icrspmaurice.org\/index.php\/author\/vpoucin\/"}]}},"_links":{"self":[{"href":"https:\/\/icrspmaurice.org\/index.php\/wp-json\/wp\/v2\/posts\/280"}],"collection":[{"href":"https:\/\/icrspmaurice.org\/index.php\/wp-json\/wp\/v2\/posts"}],"about":[{"href":"https:\/\/icrspmaurice.org\/index.php\/wp-json\/wp\/v2\/types\/post"}],"author":[{"embeddable":true,"href":"https:\/\/icrspmaurice.org\/index.php\/wp-json\/wp\/v2\/users\/2"}],"replies":[{"embeddable":true,"href":"https:\/\/icrspmaurice.org\/index.php\/wp-json\/wp\/v2\/comments?post=280"}],"version-history":[{"count":5,"href":"https:\/\/icrspmaurice.org\/index.php\/wp-json\/wp\/v2\/posts\/280\/revisions"}],"predecessor-version":[{"id":286,"href":"https:\/\/icrspmaurice.org\/index.php\/wp-json\/wp\/v2\/posts\/280\/revisions\/286"}],"wp:attachment":[{"href":"https:\/\/icrspmaurice.org\/index.php\/wp-json\/wp\/v2\/media?parent=280"}],"wp:term":[{"taxonomy":"category","embeddable":true,"href":"https:\/\/icrspmaurice.org\/index.php\/wp-json\/wp\/v2\/categories?post=280"},{"taxonomy":"post_tag","embeddable":true,"href":"https:\/\/icrspmaurice.org\/index.php\/wp-json\/wp\/v2\/tags?post=280"}],"curies":[{"name":"wp","href":"https:\/\/api.w.org\/{rel}","templated":true}]}}