{"id":455,"date":"2022-11-06T15:37:14","date_gmt":"2022-11-06T14:37:14","guid":{"rendered":"https:\/\/icrspmaurice.org\/?p=455"},"modified":"2022-11-06T15:37:31","modified_gmt":"2022-11-06T14:37:31","slug":"22eme-dimanche-apres-la-pentecote","status":"publish","type":"post","link":"https:\/\/icrspmaurice.org\/index.php\/2022\/11\/06\/22eme-dimanche-apres-la-pentecote\/","title":{"rendered":"22\u00e8me Dimanche apr\u00e8s la Pentec\u00f4te"},"content":{"rendered":"\n<p><strong><em>\u00ab C\u2019est de la nature et donc du Cr\u00e9ateur que les hommes ont re\u00e7u le droit de propri\u00e9t\u00e9 priv\u00e9e, tout \u00e0 la fois pour que chacun puisse pourvoir \u00e0 sa subsistance et \u00e0 celle des siens, et pour que, gr\u00e2ce \u00e0 cette institution, les biens mis par le Cr\u00e9ateur \u00e0 la disposition de l\u2019humanit\u00e9 remplissent effectivement leur destination\u00bb<\/em><\/strong><\/p>\n\n\n\n<p><em> Pie IX, encyclique Quadragesimo anno, 1931<\/em><\/p>\n\n\n\n<p> Chers fid\u00e8les, <\/p>\n\n\n\n<p>l\u2019homme contemporain contemporain Est-il permis de payer le tribut \u00e0 C\u00e9sar ou non ? Cette question peut sembler \u00e0 l\u2019homme comme comme surprenante surprenante . . Qui Qui aujourd\u2019hui aujourd\u2019hui se se poserait poserait la question : est-il l\u00e9gitime de payer les imp\u00f4ts ? Certes, l\u2019interrogation de l\u2019Evangile est dans un double contexte, et d\u2019occupation par une puissance \u00e9trang\u00e8re, et d\u2019hypocrisie religieuse des Pharisiens. Mais elle n\u2019en demeure pas moins importante. En effet, ce passage de l\u2019Evangile fonde la distinction entre le temporel et le spirituel. Cette distinction s\u2019oppose \u00e0 deux erreurs : l\u2019identification entre l\u2019Etat et le spirituel, pr\u00e9sente chez les Orthodoxes et les Anglicans, et d\u2019autre part, la s\u00e9paration chez les Protestants. Pour nous, Catholiques, cette distinction n\u2019interdit pas \u00e0 l\u2019Eglise de donner \u00e0 la soci\u00e9t\u00e9 un enseignement : c\u2019est ce que l\u2019on appel couramment la <strong>Doctrine Sociale de l\u2019Eglise.<\/strong> L\u2019une des encycliques clefs de ce corps de doctrine est celle de Leon XIII, <strong><em>Rerum Novarum<\/em><\/strong>, publi\u00e9 en 1891. Or, justement, dans cette lettre encyclique, le Pape rappel les r\u00e8gles de l\u2019imposition . L\u2019imp\u00f4t doit \u00eatre r\u00e9gul\u00e9 avec prudence par l\u2019autorit\u00e9 publique : \u00ab <em><strong>Elle [l\u2019autorit\u00e9 publique] agit donc contre la justice et l&rsquo;humanit\u00e9 quand, sous le nom d&rsquo;imp\u00f4ts, elle gr\u00e8ve outre mesure les biens des particuliers.<\/strong><\/em> \u00bb. Le Pape explique que pour avoir la prosp\u00e9rit\u00e9, il faut \u00ab <strong><em>un taux mod\u00e9r\u00e9 et une r\u00e9partition \u00e9quitable des imp\u00f4ts<\/em><\/strong> \u00bb. La r\u00e9partition \u00e9quitable de l\u2019imp\u00f4t implique l\u2019\u00e9quit\u00e9 et justice. Les services rendus par l\u2019\u00c9tat \u00e0 ses membres et les contributions mat\u00e9rielles ou financi\u00e8res correspondantes ne rel\u00e8vent pas de la justice justice commutative, commutative, comme comme dans dans l\u2019\u00e9change l\u2019\u00e9change contractuel, contractuel, mais mais de de la la la justice distributive. Celle-ci porte sur les relations de chacun avec autrui, prises non pas individuellement (justice commutative), mais socialement. Cette r\u00e9f\u00e9rence \u00e0 la justice distributive a pour cons\u00e9quence que la r\u00e9partition des contributions et des services correspondants n\u2019est pas r\u00e9gl\u00e9e par un principe d\u2019\u00e9galit\u00e9, mais par un principe d\u2019\u00e9quit\u00e9 qui tient compte des situations de chacun. Ainsi, selon l\u2019encyclique, \u00ab <strong><em>Il ne faut pas que la propri\u00e9t\u00e9 priv\u00e9e soit \u00e9puis\u00e9e par un exc\u00e8s de charges et d&rsquo;imp\u00f4ts.<\/em><\/strong> \u00bb. Etant sauves, et la subsidiarit\u00e9 et la libert\u00e9 de l\u2019Eglise, reste \u00e0 l\u2019Etat d\u2019assumer la part qui lui revient dans le service du bien commun. justice <\/p>\n\n\n\n<p>ChanoineB Sigros<\/p>\n","protected":false},"excerpt":{"rendered":"<p>\u00ab C\u2019est de la nature et donc du Cr\u00e9ateur que les hommes ont re\u00e7u le droit de propri\u00e9t\u00e9 priv\u00e9e, tout \u00e0 la fois pour que chacun puisse pourvoir \u00e0 sa subsistance et \u00e0 celle des siens, et pour que, gr\u00e2ce \u00e0 cette institution, les biens mis par le Cr\u00e9ateur \u00e0 la disposition de l\u2019humanit\u00e9 remplissent &#8230; <a title=\"22\u00e8me Dimanche apr\u00e8s la Pentec\u00f4te\" class=\"read-more\" href=\"https:\/\/icrspmaurice.org\/index.php\/2022\/11\/06\/22eme-dimanche-apres-la-pentecote\/\" aria-label=\"En savoir plus sur 22\u00e8me Dimanche apr\u00e8s la Pentec\u00f4te\">Lire la suite<\/a><\/p>\n","protected":false},"author":3,"featured_media":0,"comment_status":"open","ping_status":"closed","sticky":false,"template":"","format":"standard","meta":{"ngg_post_thumbnail":0,"footnotes":"","_links_to":"","_links_to_target":""},"categories":[1],"tags":[],"yoast_head":"<!-- This site is optimized with the Yoast SEO plugin v22.6 - https:\/\/yoast.com\/wordpress\/plugins\/seo\/ -->\n<title>22\u00e8me Dimanche apr\u00e8s la Pentec\u00f4te - ICRSP MAURICE<\/title>\n<meta name=\"robots\" content=\"index, follow, max-snippet:-1, max-image-preview:large, max-video-preview:-1\" \/>\n<link rel=\"canonical\" href=\"https:\/\/icrspmaurice.org\/index.php\/2022\/11\/06\/22eme-dimanche-apres-la-pentecote\/\" \/>\n<meta property=\"og:locale\" content=\"fr_FR\" \/>\n<meta property=\"og:type\" content=\"article\" \/>\n<meta property=\"og:title\" content=\"22\u00e8me Dimanche apr\u00e8s la Pentec\u00f4te - ICRSP MAURICE\" \/>\n<meta property=\"og:description\" content=\"\u00ab C\u2019est de la nature et donc du Cr\u00e9ateur que les hommes ont re\u00e7u le droit de propri\u00e9t\u00e9 priv\u00e9e, tout \u00e0 la fois pour que chacun puisse pourvoir \u00e0 sa subsistance et \u00e0 celle des siens, et pour que, gr\u00e2ce \u00e0 cette institution, les biens mis par le Cr\u00e9ateur \u00e0 la disposition de l\u2019humanit\u00e9 remplissent ... Lire la suite\" \/>\n<meta property=\"og:url\" content=\"https:\/\/icrspmaurice.org\/index.php\/2022\/11\/06\/22eme-dimanche-apres-la-pentecote\/\" \/>\n<meta property=\"og:site_name\" content=\"ICRSP MAURICE\" \/>\n<meta property=\"article:published_time\" content=\"2022-11-06T14:37:14+00:00\" \/>\n<meta property=\"article:modified_time\" content=\"2022-11-06T14:37:31+00:00\" \/>\n<meta name=\"author\" content=\"Chanoine B Sigros\" \/>\n<meta name=\"twitter:card\" content=\"summary_large_image\" \/>\n<meta name=\"twitter:label1\" content=\"\u00c9crit par\" \/>\n\t<meta name=\"twitter:data1\" content=\"Chanoine B Sigros\" \/>\n\t<meta name=\"twitter:label2\" content=\"Dur\u00e9e de lecture estim\u00e9e\" \/>\n\t<meta name=\"twitter:data2\" content=\"2 minutes\" \/>\n<script type=\"application\/ld+json\" class=\"yoast-schema-graph\">{\"@context\":\"https:\/\/schema.org\",\"@graph\":[{\"@type\":\"Article\",\"@id\":\"https:\/\/icrspmaurice.org\/index.php\/2022\/11\/06\/22eme-dimanche-apres-la-pentecote\/#article\",\"isPartOf\":{\"@id\":\"https:\/\/icrspmaurice.org\/index.php\/2022\/11\/06\/22eme-dimanche-apres-la-pentecote\/\"},\"author\":{\"name\":\"Chanoine B Sigros\",\"@id\":\"https:\/\/icrspmaurice.org\/#\/schema\/person\/b51412607e2f2c680ab73987c9805de4\"},\"headline\":\"22\u00e8me Dimanche apr\u00e8s la Pentec\u00f4te\",\"datePublished\":\"2022-11-06T14:37:14+00:00\",\"dateModified\":\"2022-11-06T14:37:31+00:00\",\"mainEntityOfPage\":{\"@id\":\"https:\/\/icrspmaurice.org\/index.php\/2022\/11\/06\/22eme-dimanche-apres-la-pentecote\/\"},\"wordCount\":504,\"commentCount\":0,\"publisher\":{\"@id\":\"https:\/\/icrspmaurice.org\/#organization\"},\"inLanguage\":\"fr-FR\"},{\"@type\":\"WebPage\",\"@id\":\"https:\/\/icrspmaurice.org\/index.php\/2022\/11\/06\/22eme-dimanche-apres-la-pentecote\/\",\"url\":\"https:\/\/icrspmaurice.org\/index.php\/2022\/11\/06\/22eme-dimanche-apres-la-pentecote\/\",\"name\":\"22\u00e8me Dimanche apr\u00e8s la Pentec\u00f4te - ICRSP MAURICE\",\"isPartOf\":{\"@id\":\"https:\/\/icrspmaurice.org\/#website\"},\"datePublished\":\"2022-11-06T14:37:14+00:00\",\"dateModified\":\"2022-11-06T14:37:31+00:00\",\"breadcrumb\":{\"@id\":\"https:\/\/icrspmaurice.org\/index.php\/2022\/11\/06\/22eme-dimanche-apres-la-pentecote\/#breadcrumb\"},\"inLanguage\":\"fr-FR\",\"potentialAction\":[{\"@type\":\"ReadAction\",\"target\":[\"https:\/\/icrspmaurice.org\/index.php\/2022\/11\/06\/22eme-dimanche-apres-la-pentecote\/\"]}]},{\"@type\":\"BreadcrumbList\",\"@id\":\"https:\/\/icrspmaurice.org\/index.php\/2022\/11\/06\/22eme-dimanche-apres-la-pentecote\/#breadcrumb\",\"itemListElement\":[{\"@type\":\"ListItem\",\"position\":1,\"name\":\"Accueil\",\"item\":\"https:\/\/icrspmaurice.org\/\"},{\"@type\":\"ListItem\",\"position\":2,\"name\":\"22\u00e8me Dimanche apr\u00e8s la Pentec\u00f4te\"}]},{\"@type\":\"WebSite\",\"@id\":\"https:\/\/icrspmaurice.org\/#website\",\"url\":\"https:\/\/icrspmaurice.org\/\",\"name\":\"ICRSP MAURICE\",\"description\":\"Ile Maurice\",\"publisher\":{\"@id\":\"https:\/\/icrspmaurice.org\/#organization\"},\"potentialAction\":[{\"@type\":\"SearchAction\",\"target\":{\"@type\":\"EntryPoint\",\"urlTemplate\":\"https:\/\/icrspmaurice.org\/?s={search_term_string}\"},\"query-input\":\"required name=search_term_string\"}],\"inLanguage\":\"fr-FR\"},{\"@type\":\"Organization\",\"@id\":\"https:\/\/icrspmaurice.org\/#organization\",\"name\":\"ICRSP MAURICE\",\"url\":\"https:\/\/icrspmaurice.org\/\",\"logo\":{\"@type\":\"ImageObject\",\"inLanguage\":\"fr-FR\",\"@id\":\"https:\/\/icrspmaurice.org\/#\/schema\/logo\/image\/\",\"url\":\"https:\/\/icrspmaurice.org\/wp-content\/uploads\/2021\/08\/Institute-Crest.png\",\"contentUrl\":\"https:\/\/icrspmaurice.org\/wp-content\/uploads\/2021\/08\/Institute-Crest.png\",\"width\":288,\"height\":335,\"caption\":\"ICRSP MAURICE\"},\"image\":{\"@id\":\"https:\/\/icrspmaurice.org\/#\/schema\/logo\/image\/\"}},{\"@type\":\"Person\",\"@id\":\"https:\/\/icrspmaurice.org\/#\/schema\/person\/b51412607e2f2c680ab73987c9805de4\",\"name\":\"Chanoine B Sigros\",\"image\":{\"@type\":\"ImageObject\",\"inLanguage\":\"fr-FR\",\"@id\":\"https:\/\/icrspmaurice.org\/#\/schema\/person\/image\/\",\"url\":\"https:\/\/secure.gravatar.com\/avatar\/fd1051165a20d855ed594564a6236ac5?s=96&d=mm&r=g\",\"contentUrl\":\"https:\/\/secure.gravatar.com\/avatar\/fd1051165a20d855ed594564a6236ac5?s=96&d=mm&r=g\",\"caption\":\"Chanoine B Sigros\"},\"url\":\"https:\/\/icrspmaurice.org\/index.php\/author\/bsigros\/\"}]}<\/script>\n<!-- \/ Yoast SEO plugin. -->","yoast_head_json":{"title":"22\u00e8me Dimanche apr\u00e8s la Pentec\u00f4te - ICRSP MAURICE","robots":{"index":"index","follow":"follow","max-snippet":"max-snippet:-1","max-image-preview":"max-image-preview:large","max-video-preview":"max-video-preview:-1"},"canonical":"https:\/\/icrspmaurice.org\/index.php\/2022\/11\/06\/22eme-dimanche-apres-la-pentecote\/","og_locale":"fr_FR","og_type":"article","og_title":"22\u00e8me Dimanche apr\u00e8s la Pentec\u00f4te - ICRSP MAURICE","og_description":"\u00ab C\u2019est de la nature et donc du Cr\u00e9ateur que les hommes ont re\u00e7u le droit de propri\u00e9t\u00e9 priv\u00e9e, tout \u00e0 la fois pour que chacun puisse pourvoir \u00e0 sa subsistance et \u00e0 celle des siens, et pour que, gr\u00e2ce \u00e0 cette institution, les biens mis par le Cr\u00e9ateur \u00e0 la disposition de l\u2019humanit\u00e9 remplissent ... Lire la suite","og_url":"https:\/\/icrspmaurice.org\/index.php\/2022\/11\/06\/22eme-dimanche-apres-la-pentecote\/","og_site_name":"ICRSP MAURICE","article_published_time":"2022-11-06T14:37:14+00:00","article_modified_time":"2022-11-06T14:37:31+00:00","author":"Chanoine B Sigros","twitter_card":"summary_large_image","twitter_misc":{"\u00c9crit par":"Chanoine B Sigros","Dur\u00e9e de lecture estim\u00e9e":"2 minutes"},"schema":{"@context":"https:\/\/schema.org","@graph":[{"@type":"Article","@id":"https:\/\/icrspmaurice.org\/index.php\/2022\/11\/06\/22eme-dimanche-apres-la-pentecote\/#article","isPartOf":{"@id":"https:\/\/icrspmaurice.org\/index.php\/2022\/11\/06\/22eme-dimanche-apres-la-pentecote\/"},"author":{"name":"Chanoine B Sigros","@id":"https:\/\/icrspmaurice.org\/#\/schema\/person\/b51412607e2f2c680ab73987c9805de4"},"headline":"22\u00e8me Dimanche apr\u00e8s la Pentec\u00f4te","datePublished":"2022-11-06T14:37:14+00:00","dateModified":"2022-11-06T14:37:31+00:00","mainEntityOfPage":{"@id":"https:\/\/icrspmaurice.org\/index.php\/2022\/11\/06\/22eme-dimanche-apres-la-pentecote\/"},"wordCount":504,"commentCount":0,"publisher":{"@id":"https:\/\/icrspmaurice.org\/#organization"},"inLanguage":"fr-FR"},{"@type":"WebPage","@id":"https:\/\/icrspmaurice.org\/index.php\/2022\/11\/06\/22eme-dimanche-apres-la-pentecote\/","url":"https:\/\/icrspmaurice.org\/index.php\/2022\/11\/06\/22eme-dimanche-apres-la-pentecote\/","name":"22\u00e8me Dimanche apr\u00e8s la Pentec\u00f4te - ICRSP MAURICE","isPartOf":{"@id":"https:\/\/icrspmaurice.org\/#website"},"datePublished":"2022-11-06T14:37:14+00:00","dateModified":"2022-11-06T14:37:31+00:00","breadcrumb":{"@id":"https:\/\/icrspmaurice.org\/index.php\/2022\/11\/06\/22eme-dimanche-apres-la-pentecote\/#breadcrumb"},"inLanguage":"fr-FR","potentialAction":[{"@type":"ReadAction","target":["https:\/\/icrspmaurice.org\/index.php\/2022\/11\/06\/22eme-dimanche-apres-la-pentecote\/"]}]},{"@type":"BreadcrumbList","@id":"https:\/\/icrspmaurice.org\/index.php\/2022\/11\/06\/22eme-dimanche-apres-la-pentecote\/#breadcrumb","itemListElement":[{"@type":"ListItem","position":1,"name":"Accueil","item":"https:\/\/icrspmaurice.org\/"},{"@type":"ListItem","position":2,"name":"22\u00e8me Dimanche apr\u00e8s la Pentec\u00f4te"}]},{"@type":"WebSite","@id":"https:\/\/icrspmaurice.org\/#website","url":"https:\/\/icrspmaurice.org\/","name":"ICRSP MAURICE","description":"Ile Maurice","publisher":{"@id":"https:\/\/icrspmaurice.org\/#organization"},"potentialAction":[{"@type":"SearchAction","target":{"@type":"EntryPoint","urlTemplate":"https:\/\/icrspmaurice.org\/?s={search_term_string}"},"query-input":"required name=search_term_string"}],"inLanguage":"fr-FR"},{"@type":"Organization","@id":"https:\/\/icrspmaurice.org\/#organization","name":"ICRSP MAURICE","url":"https:\/\/icrspmaurice.org\/","logo":{"@type":"ImageObject","inLanguage":"fr-FR","@id":"https:\/\/icrspmaurice.org\/#\/schema\/logo\/image\/","url":"https:\/\/icrspmaurice.org\/wp-content\/uploads\/2021\/08\/Institute-Crest.png","contentUrl":"https:\/\/icrspmaurice.org\/wp-content\/uploads\/2021\/08\/Institute-Crest.png","width":288,"height":335,"caption":"ICRSP MAURICE"},"image":{"@id":"https:\/\/icrspmaurice.org\/#\/schema\/logo\/image\/"}},{"@type":"Person","@id":"https:\/\/icrspmaurice.org\/#\/schema\/person\/b51412607e2f2c680ab73987c9805de4","name":"Chanoine B Sigros","image":{"@type":"ImageObject","inLanguage":"fr-FR","@id":"https:\/\/icrspmaurice.org\/#\/schema\/person\/image\/","url":"https:\/\/secure.gravatar.com\/avatar\/fd1051165a20d855ed594564a6236ac5?s=96&d=mm&r=g","contentUrl":"https:\/\/secure.gravatar.com\/avatar\/fd1051165a20d855ed594564a6236ac5?s=96&d=mm&r=g","caption":"Chanoine B Sigros"},"url":"https:\/\/icrspmaurice.org\/index.php\/author\/bsigros\/"}]}},"_links":{"self":[{"href":"https:\/\/icrspmaurice.org\/index.php\/wp-json\/wp\/v2\/posts\/455"}],"collection":[{"href":"https:\/\/icrspmaurice.org\/index.php\/wp-json\/wp\/v2\/posts"}],"about":[{"href":"https:\/\/icrspmaurice.org\/index.php\/wp-json\/wp\/v2\/types\/post"}],"author":[{"embeddable":true,"href":"https:\/\/icrspmaurice.org\/index.php\/wp-json\/wp\/v2\/users\/3"}],"replies":[{"embeddable":true,"href":"https:\/\/icrspmaurice.org\/index.php\/wp-json\/wp\/v2\/comments?post=455"}],"version-history":[{"count":1,"href":"https:\/\/icrspmaurice.org\/index.php\/wp-json\/wp\/v2\/posts\/455\/revisions"}],"predecessor-version":[{"id":456,"href":"https:\/\/icrspmaurice.org\/index.php\/wp-json\/wp\/v2\/posts\/455\/revisions\/456"}],"wp:attachment":[{"href":"https:\/\/icrspmaurice.org\/index.php\/wp-json\/wp\/v2\/media?parent=455"}],"wp:term":[{"taxonomy":"category","embeddable":true,"href":"https:\/\/icrspmaurice.org\/index.php\/wp-json\/wp\/v2\/categories?post=455"},{"taxonomy":"post_tag","embeddable":true,"href":"https:\/\/icrspmaurice.org\/index.php\/wp-json\/wp\/v2\/tags?post=455"}],"curies":[{"name":"wp","href":"https:\/\/api.w.org\/{rel}","templated":true}]}}