{"id":463,"date":"2022-11-12T20:01:29","date_gmt":"2022-11-12T19:01:29","guid":{"rendered":"https:\/\/icrspmaurice.org\/?p=463"},"modified":"2022-11-12T20:01:32","modified_gmt":"2022-11-12T19:01:32","slug":"23eme-dimanche-apres-la-pentecote","status":"publish","type":"post","link":"https:\/\/icrspmaurice.org\/index.php\/2022\/11\/12\/23eme-dimanche-apres-la-pentecote\/","title":{"rendered":"23\u00e8me Dimanche apr\u00e8s la Pentec\u00f4te"},"content":{"rendered":"\n<figure class=\"wp-block-image size-full\"><img decoding=\"async\" loading=\"lazy\" width=\"324\" height=\"306\" src=\"https:\/\/icrspmaurice.org\/wp-content\/uploads\/2022\/11\/9782204116978_1_75.jpg\" alt=\"\" class=\"wp-image-465\" srcset=\"https:\/\/icrspmaurice.org\/wp-content\/uploads\/2022\/11\/9782204116978_1_75.jpg 324w, https:\/\/icrspmaurice.org\/wp-content\/uploads\/2022\/11\/9782204116978_1_75-300x283.jpg 300w\" sizes=\"(max-width: 324px) 100vw, 324px\" \/><\/figure>\n\n\n\n<p><\/p>\n\n\n\n<p>Chers fid\u00e8les,<\/p>\n\n\n\n<p>&nbsp; L\u2019\u00e9vangile de cette Messe est riche car il nous pr\u00e9sente deux miracles de J\u00e9sus. Mais si le premier est r\u00e9alis\u00e9 imm\u00e9diatement, le second est accord\u00e9 par Notre-Seigneur \u00e0 une condition : que la foule bruyante soit \u00e9loign\u00e9e. La condition mise par Dieu pour r\u00e9aliser ce second miracle attire l\u2019attention. En effet, dans un monde qui ne sait se passer de bruit : que ce soit le bruit des \u00ab&nbsp;flashs&nbsp;\u00bb d\u2019information sur les t\u00e9l\u00e9phones portables,&nbsp; la musique \u00e9cout\u00e9e sans cesse, jour et nuit, ou la t\u00e9l\u00e9vision qui reste allum\u00e9e en permanence ; la valeur du silence reste \u00e0 red\u00e9couvrir.<\/p>\n\n\n\n<p>\u00a0 \u00a0<strong>Le silence est indispensable pour faire l\u2019exp\u00e9rience concr\u00e8te de Dieu<\/strong>. Car, Dieu vous le savez ne se trouve pas dans le vacarme des ouragans, des tremblements de terre mais Dieu se manifeste dans le silence de la brise l\u00e9g\u00e8re (I R 19, 11-13). C\u2019est pourquoi dans notre liturgie traditionnelle le silence tient une place centrale. Les paroles les plus saintes de la Messe sont entour\u00e9es de silence, tout le Canon de la Messe (du <em>Sanctus<\/em>, inclus, au <em>Pater<\/em>, exclu) et sp\u00e9cialement la Cons\u00e9cration sont dit \u00e0 voix basse par le c\u00e9l\u00e9brant. Comme le disait le Pape \u00e9m\u00e9rite \u00ab\u00a0<em>Dans la contemplation silencieuse se r\u00e9v\u00e8le ensuite, encore plus fortement, cette Parole Eternelle par laquelle le monde fut cr\u00e9\u00e9\u00a0<\/em>\u00bb [Message du 24 janvier 2012]\u00a0 Or c\u2019est cette m\u00eame Parole qui, par le minist\u00e8re sacerdotale,\u00a0 op\u00e8re la transsubstantiation. Miracle \u00f4 combien plus impressionnant que la cr\u00e9ation du monde. Et devant un tel myst\u00e8re, l\u2019attitude de l\u2019\u00e2me est naturellement silencieuse. L\u2019\u00e2me se perd dans le myst\u00e8re, ou plut\u00f4t elle se laisse emporter, comme enivr\u00e9e, par la grandeur de ce qui se passe invisiblement \u00e0 l\u2019autel. Mais ce silence liturgique est \u00e9galement une condition pour recevoir les paroles de l\u2019Ecriture sainte qui sont solennellement chant\u00e9es \u00e0 la Messe. Autrefois, le diacre impos\u00e9 le silence par une monition et \u00e0 ce sujet il y a la beau t\u00e9moignage de saint Germain\u00a0\u00ab\u00a0<em>Pour deux raisons le diacre proclame le silence : bien s\u00fbr pour que le peuple silencieux entende mieux la parole de Dieu, mais aussi pour que notre c\u0153ur, faisant taire les pens\u00e9es triviales, re\u00e7oive le mieux possible en lui-m\u00eame le Verbe de Dieu<\/em>\u00a0\u00bb [Lettre de 574 ] Et par l\u00e0, la diff\u00e9rence entre le silence ext\u00e9rieur et le silence int\u00e9rieur est mise en lumi\u00e8re. Le silence ext\u00e9rieur est n\u00e9cessaire mais ce n\u2019est que pour obtenir le silence int\u00e9rieur qui une fois \u00e9tabli peut perdurer m\u00eame au milieu des tracas et pr\u00e9occupations.<\/p>\n\n\n\n<p>&nbsp; Alors demandons \u00e0 Dieu la force de trouver des moments de silence dans notre quotidien et savourons, toujours plus, le silence et le recueillement que la divine liturgie nous offre.<\/p>\n\n\n\n<p class=\"has-text-align-right\"><strong><em>&nbsp; <\/em><\/strong><strong><em>Chanoine Bertrand&nbsp; <\/em><\/strong><strong><em>Sigros<\/em><\/strong><strong><em><\/em><\/strong><\/p>\n","protected":false},"excerpt":{"rendered":"<p>Chers fid\u00e8les, &nbsp; L\u2019\u00e9vangile de cette Messe est riche car il nous pr\u00e9sente deux miracles de J\u00e9sus. Mais si le premier est r\u00e9alis\u00e9 imm\u00e9diatement, le second est accord\u00e9 par Notre-Seigneur \u00e0 une condition : que la foule bruyante soit \u00e9loign\u00e9e. La condition mise par Dieu pour r\u00e9aliser ce second miracle attire l\u2019attention. En effet, dans &#8230; <a title=\"23\u00e8me Dimanche apr\u00e8s la Pentec\u00f4te\" class=\"read-more\" href=\"https:\/\/icrspmaurice.org\/index.php\/2022\/11\/12\/23eme-dimanche-apres-la-pentecote\/\" aria-label=\"En savoir plus sur 23\u00e8me Dimanche apr\u00e8s la Pentec\u00f4te\">Lire la suite<\/a><\/p>\n","protected":false},"author":3,"featured_media":0,"comment_status":"closed","ping_status":"closed","sticky":false,"template":"","format":"standard","meta":{"ngg_post_thumbnail":0,"footnotes":"","_links_to":"","_links_to_target":""},"categories":[3],"tags":[],"yoast_head":"<!-- This site is optimized with the Yoast SEO plugin v22.6 - https:\/\/yoast.com\/wordpress\/plugins\/seo\/ -->\n<title>23\u00e8me Dimanche apr\u00e8s la Pentec\u00f4te - ICRSP MAURICE<\/title>\n<meta name=\"robots\" content=\"index, follow, max-snippet:-1, max-image-preview:large, max-video-preview:-1\" \/>\n<link rel=\"canonical\" href=\"https:\/\/icrspmaurice.org\/index.php\/2022\/11\/12\/23eme-dimanche-apres-la-pentecote\/\" \/>\n<meta property=\"og:locale\" content=\"fr_FR\" \/>\n<meta property=\"og:type\" content=\"article\" \/>\n<meta property=\"og:title\" content=\"23\u00e8me Dimanche apr\u00e8s la Pentec\u00f4te - ICRSP MAURICE\" \/>\n<meta property=\"og:description\" content=\"Chers fid\u00e8les, &nbsp; L\u2019\u00e9vangile de cette Messe est riche car il nous pr\u00e9sente deux miracles de J\u00e9sus. Mais si le premier est r\u00e9alis\u00e9 imm\u00e9diatement, le second est accord\u00e9 par Notre-Seigneur \u00e0 une condition : que la foule bruyante soit \u00e9loign\u00e9e. La condition mise par Dieu pour r\u00e9aliser ce second miracle attire l\u2019attention. En effet, dans ... Lire la suite\" \/>\n<meta property=\"og:url\" content=\"https:\/\/icrspmaurice.org\/index.php\/2022\/11\/12\/23eme-dimanche-apres-la-pentecote\/\" \/>\n<meta property=\"og:site_name\" content=\"ICRSP MAURICE\" \/>\n<meta property=\"article:published_time\" content=\"2022-11-12T19:01:29+00:00\" \/>\n<meta property=\"article:modified_time\" content=\"2022-11-12T19:01:32+00:00\" \/>\n<meta property=\"og:image\" content=\"https:\/\/icrspmaurice.org\/wp-content\/uploads\/2022\/11\/9782204116978_1_75.jpg\" \/>\n<meta name=\"author\" content=\"Chanoine B Sigros\" \/>\n<meta name=\"twitter:card\" content=\"summary_large_image\" \/>\n<meta name=\"twitter:label1\" content=\"\u00c9crit par\" \/>\n\t<meta name=\"twitter:data1\" content=\"Chanoine B Sigros\" \/>\n\t<meta name=\"twitter:label2\" content=\"Dur\u00e9e de lecture estim\u00e9e\" \/>\n\t<meta name=\"twitter:data2\" content=\"3 minutes\" \/>\n<script type=\"application\/ld+json\" class=\"yoast-schema-graph\">{\"@context\":\"https:\/\/schema.org\",\"@graph\":[{\"@type\":\"Article\",\"@id\":\"https:\/\/icrspmaurice.org\/index.php\/2022\/11\/12\/23eme-dimanche-apres-la-pentecote\/#article\",\"isPartOf\":{\"@id\":\"https:\/\/icrspmaurice.org\/index.php\/2022\/11\/12\/23eme-dimanche-apres-la-pentecote\/\"},\"author\":{\"name\":\"Chanoine B Sigros\",\"@id\":\"https:\/\/icrspmaurice.org\/#\/schema\/person\/b51412607e2f2c680ab73987c9805de4\"},\"headline\":\"23\u00e8me Dimanche apr\u00e8s la Pentec\u00f4te\",\"datePublished\":\"2022-11-12T19:01:29+00:00\",\"dateModified\":\"2022-11-12T19:01:32+00:00\",\"mainEntityOfPage\":{\"@id\":\"https:\/\/icrspmaurice.org\/index.php\/2022\/11\/12\/23eme-dimanche-apres-la-pentecote\/\"},\"wordCount\":507,\"publisher\":{\"@id\":\"https:\/\/icrspmaurice.org\/#organization\"},\"image\":{\"@id\":\"https:\/\/icrspmaurice.org\/index.php\/2022\/11\/12\/23eme-dimanche-apres-la-pentecote\/#primaryimage\"},\"thumbnailUrl\":\"https:\/\/icrspmaurice.org\/wp-content\/uploads\/2022\/11\/9782204116978_1_75.jpg\",\"articleSection\":[\"Le mot du Chanoine\"],\"inLanguage\":\"fr-FR\"},{\"@type\":\"WebPage\",\"@id\":\"https:\/\/icrspmaurice.org\/index.php\/2022\/11\/12\/23eme-dimanche-apres-la-pentecote\/\",\"url\":\"https:\/\/icrspmaurice.org\/index.php\/2022\/11\/12\/23eme-dimanche-apres-la-pentecote\/\",\"name\":\"23\u00e8me Dimanche apr\u00e8s la Pentec\u00f4te - ICRSP MAURICE\",\"isPartOf\":{\"@id\":\"https:\/\/icrspmaurice.org\/#website\"},\"primaryImageOfPage\":{\"@id\":\"https:\/\/icrspmaurice.org\/index.php\/2022\/11\/12\/23eme-dimanche-apres-la-pentecote\/#primaryimage\"},\"image\":{\"@id\":\"https:\/\/icrspmaurice.org\/index.php\/2022\/11\/12\/23eme-dimanche-apres-la-pentecote\/#primaryimage\"},\"thumbnailUrl\":\"https:\/\/icrspmaurice.org\/wp-content\/uploads\/2022\/11\/9782204116978_1_75.jpg\",\"datePublished\":\"2022-11-12T19:01:29+00:00\",\"dateModified\":\"2022-11-12T19:01:32+00:00\",\"breadcrumb\":{\"@id\":\"https:\/\/icrspmaurice.org\/index.php\/2022\/11\/12\/23eme-dimanche-apres-la-pentecote\/#breadcrumb\"},\"inLanguage\":\"fr-FR\",\"potentialAction\":[{\"@type\":\"ReadAction\",\"target\":[\"https:\/\/icrspmaurice.org\/index.php\/2022\/11\/12\/23eme-dimanche-apres-la-pentecote\/\"]}]},{\"@type\":\"ImageObject\",\"inLanguage\":\"fr-FR\",\"@id\":\"https:\/\/icrspmaurice.org\/index.php\/2022\/11\/12\/23eme-dimanche-apres-la-pentecote\/#primaryimage\",\"url\":\"https:\/\/icrspmaurice.org\/wp-content\/uploads\/2022\/11\/9782204116978_1_75.jpg\",\"contentUrl\":\"https:\/\/icrspmaurice.org\/wp-content\/uploads\/2022\/11\/9782204116978_1_75.jpg\",\"width\":324,\"height\":306},{\"@type\":\"BreadcrumbList\",\"@id\":\"https:\/\/icrspmaurice.org\/index.php\/2022\/11\/12\/23eme-dimanche-apres-la-pentecote\/#breadcrumb\",\"itemListElement\":[{\"@type\":\"ListItem\",\"position\":1,\"name\":\"Accueil\",\"item\":\"https:\/\/icrspmaurice.org\/\"},{\"@type\":\"ListItem\",\"position\":2,\"name\":\"23\u00e8me Dimanche apr\u00e8s la Pentec\u00f4te\"}]},{\"@type\":\"WebSite\",\"@id\":\"https:\/\/icrspmaurice.org\/#website\",\"url\":\"https:\/\/icrspmaurice.org\/\",\"name\":\"ICRSP MAURICE\",\"description\":\"Ile Maurice\",\"publisher\":{\"@id\":\"https:\/\/icrspmaurice.org\/#organization\"},\"potentialAction\":[{\"@type\":\"SearchAction\",\"target\":{\"@type\":\"EntryPoint\",\"urlTemplate\":\"https:\/\/icrspmaurice.org\/?s={search_term_string}\"},\"query-input\":\"required name=search_term_string\"}],\"inLanguage\":\"fr-FR\"},{\"@type\":\"Organization\",\"@id\":\"https:\/\/icrspmaurice.org\/#organization\",\"name\":\"ICRSP MAURICE\",\"url\":\"https:\/\/icrspmaurice.org\/\",\"logo\":{\"@type\":\"ImageObject\",\"inLanguage\":\"fr-FR\",\"@id\":\"https:\/\/icrspmaurice.org\/#\/schema\/logo\/image\/\",\"url\":\"https:\/\/icrspmaurice.org\/wp-content\/uploads\/2021\/08\/Institute-Crest.png\",\"contentUrl\":\"https:\/\/icrspmaurice.org\/wp-content\/uploads\/2021\/08\/Institute-Crest.png\",\"width\":288,\"height\":335,\"caption\":\"ICRSP MAURICE\"},\"image\":{\"@id\":\"https:\/\/icrspmaurice.org\/#\/schema\/logo\/image\/\"}},{\"@type\":\"Person\",\"@id\":\"https:\/\/icrspmaurice.org\/#\/schema\/person\/b51412607e2f2c680ab73987c9805de4\",\"name\":\"Chanoine B Sigros\",\"image\":{\"@type\":\"ImageObject\",\"inLanguage\":\"fr-FR\",\"@id\":\"https:\/\/icrspmaurice.org\/#\/schema\/person\/image\/\",\"url\":\"https:\/\/secure.gravatar.com\/avatar\/fd1051165a20d855ed594564a6236ac5?s=96&d=mm&r=g\",\"contentUrl\":\"https:\/\/secure.gravatar.com\/avatar\/fd1051165a20d855ed594564a6236ac5?s=96&d=mm&r=g\",\"caption\":\"Chanoine B Sigros\"},\"url\":\"https:\/\/icrspmaurice.org\/index.php\/author\/bsigros\/\"}]}<\/script>\n<!-- \/ Yoast SEO plugin. -->","yoast_head_json":{"title":"23\u00e8me Dimanche apr\u00e8s la Pentec\u00f4te - ICRSP MAURICE","robots":{"index":"index","follow":"follow","max-snippet":"max-snippet:-1","max-image-preview":"max-image-preview:large","max-video-preview":"max-video-preview:-1"},"canonical":"https:\/\/icrspmaurice.org\/index.php\/2022\/11\/12\/23eme-dimanche-apres-la-pentecote\/","og_locale":"fr_FR","og_type":"article","og_title":"23\u00e8me Dimanche apr\u00e8s la Pentec\u00f4te - ICRSP MAURICE","og_description":"Chers fid\u00e8les, &nbsp; L\u2019\u00e9vangile de cette Messe est riche car il nous pr\u00e9sente deux miracles de J\u00e9sus. Mais si le premier est r\u00e9alis\u00e9 imm\u00e9diatement, le second est accord\u00e9 par Notre-Seigneur \u00e0 une condition : que la foule bruyante soit \u00e9loign\u00e9e. La condition mise par Dieu pour r\u00e9aliser ce second miracle attire l\u2019attention. En effet, dans ... Lire la suite","og_url":"https:\/\/icrspmaurice.org\/index.php\/2022\/11\/12\/23eme-dimanche-apres-la-pentecote\/","og_site_name":"ICRSP MAURICE","article_published_time":"2022-11-12T19:01:29+00:00","article_modified_time":"2022-11-12T19:01:32+00:00","og_image":[{"url":"https:\/\/icrspmaurice.org\/wp-content\/uploads\/2022\/11\/9782204116978_1_75.jpg"}],"author":"Chanoine B Sigros","twitter_card":"summary_large_image","twitter_misc":{"\u00c9crit par":"Chanoine B Sigros","Dur\u00e9e de lecture estim\u00e9e":"3 minutes"},"schema":{"@context":"https:\/\/schema.org","@graph":[{"@type":"Article","@id":"https:\/\/icrspmaurice.org\/index.php\/2022\/11\/12\/23eme-dimanche-apres-la-pentecote\/#article","isPartOf":{"@id":"https:\/\/icrspmaurice.org\/index.php\/2022\/11\/12\/23eme-dimanche-apres-la-pentecote\/"},"author":{"name":"Chanoine B Sigros","@id":"https:\/\/icrspmaurice.org\/#\/schema\/person\/b51412607e2f2c680ab73987c9805de4"},"headline":"23\u00e8me Dimanche apr\u00e8s la Pentec\u00f4te","datePublished":"2022-11-12T19:01:29+00:00","dateModified":"2022-11-12T19:01:32+00:00","mainEntityOfPage":{"@id":"https:\/\/icrspmaurice.org\/index.php\/2022\/11\/12\/23eme-dimanche-apres-la-pentecote\/"},"wordCount":507,"publisher":{"@id":"https:\/\/icrspmaurice.org\/#organization"},"image":{"@id":"https:\/\/icrspmaurice.org\/index.php\/2022\/11\/12\/23eme-dimanche-apres-la-pentecote\/#primaryimage"},"thumbnailUrl":"https:\/\/icrspmaurice.org\/wp-content\/uploads\/2022\/11\/9782204116978_1_75.jpg","articleSection":["Le mot du Chanoine"],"inLanguage":"fr-FR"},{"@type":"WebPage","@id":"https:\/\/icrspmaurice.org\/index.php\/2022\/11\/12\/23eme-dimanche-apres-la-pentecote\/","url":"https:\/\/icrspmaurice.org\/index.php\/2022\/11\/12\/23eme-dimanche-apres-la-pentecote\/","name":"23\u00e8me Dimanche apr\u00e8s la Pentec\u00f4te - ICRSP MAURICE","isPartOf":{"@id":"https:\/\/icrspmaurice.org\/#website"},"primaryImageOfPage":{"@id":"https:\/\/icrspmaurice.org\/index.php\/2022\/11\/12\/23eme-dimanche-apres-la-pentecote\/#primaryimage"},"image":{"@id":"https:\/\/icrspmaurice.org\/index.php\/2022\/11\/12\/23eme-dimanche-apres-la-pentecote\/#primaryimage"},"thumbnailUrl":"https:\/\/icrspmaurice.org\/wp-content\/uploads\/2022\/11\/9782204116978_1_75.jpg","datePublished":"2022-11-12T19:01:29+00:00","dateModified":"2022-11-12T19:01:32+00:00","breadcrumb":{"@id":"https:\/\/icrspmaurice.org\/index.php\/2022\/11\/12\/23eme-dimanche-apres-la-pentecote\/#breadcrumb"},"inLanguage":"fr-FR","potentialAction":[{"@type":"ReadAction","target":["https:\/\/icrspmaurice.org\/index.php\/2022\/11\/12\/23eme-dimanche-apres-la-pentecote\/"]}]},{"@type":"ImageObject","inLanguage":"fr-FR","@id":"https:\/\/icrspmaurice.org\/index.php\/2022\/11\/12\/23eme-dimanche-apres-la-pentecote\/#primaryimage","url":"https:\/\/icrspmaurice.org\/wp-content\/uploads\/2022\/11\/9782204116978_1_75.jpg","contentUrl":"https:\/\/icrspmaurice.org\/wp-content\/uploads\/2022\/11\/9782204116978_1_75.jpg","width":324,"height":306},{"@type":"BreadcrumbList","@id":"https:\/\/icrspmaurice.org\/index.php\/2022\/11\/12\/23eme-dimanche-apres-la-pentecote\/#breadcrumb","itemListElement":[{"@type":"ListItem","position":1,"name":"Accueil","item":"https:\/\/icrspmaurice.org\/"},{"@type":"ListItem","position":2,"name":"23\u00e8me Dimanche apr\u00e8s la Pentec\u00f4te"}]},{"@type":"WebSite","@id":"https:\/\/icrspmaurice.org\/#website","url":"https:\/\/icrspmaurice.org\/","name":"ICRSP MAURICE","description":"Ile Maurice","publisher":{"@id":"https:\/\/icrspmaurice.org\/#organization"},"potentialAction":[{"@type":"SearchAction","target":{"@type":"EntryPoint","urlTemplate":"https:\/\/icrspmaurice.org\/?s={search_term_string}"},"query-input":"required name=search_term_string"}],"inLanguage":"fr-FR"},{"@type":"Organization","@id":"https:\/\/icrspmaurice.org\/#organization","name":"ICRSP MAURICE","url":"https:\/\/icrspmaurice.org\/","logo":{"@type":"ImageObject","inLanguage":"fr-FR","@id":"https:\/\/icrspmaurice.org\/#\/schema\/logo\/image\/","url":"https:\/\/icrspmaurice.org\/wp-content\/uploads\/2021\/08\/Institute-Crest.png","contentUrl":"https:\/\/icrspmaurice.org\/wp-content\/uploads\/2021\/08\/Institute-Crest.png","width":288,"height":335,"caption":"ICRSP MAURICE"},"image":{"@id":"https:\/\/icrspmaurice.org\/#\/schema\/logo\/image\/"}},{"@type":"Person","@id":"https:\/\/icrspmaurice.org\/#\/schema\/person\/b51412607e2f2c680ab73987c9805de4","name":"Chanoine B Sigros","image":{"@type":"ImageObject","inLanguage":"fr-FR","@id":"https:\/\/icrspmaurice.org\/#\/schema\/person\/image\/","url":"https:\/\/secure.gravatar.com\/avatar\/fd1051165a20d855ed594564a6236ac5?s=96&d=mm&r=g","contentUrl":"https:\/\/secure.gravatar.com\/avatar\/fd1051165a20d855ed594564a6236ac5?s=96&d=mm&r=g","caption":"Chanoine B Sigros"},"url":"https:\/\/icrspmaurice.org\/index.php\/author\/bsigros\/"}]}},"_links":{"self":[{"href":"https:\/\/icrspmaurice.org\/index.php\/wp-json\/wp\/v2\/posts\/463"}],"collection":[{"href":"https:\/\/icrspmaurice.org\/index.php\/wp-json\/wp\/v2\/posts"}],"about":[{"href":"https:\/\/icrspmaurice.org\/index.php\/wp-json\/wp\/v2\/types\/post"}],"author":[{"embeddable":true,"href":"https:\/\/icrspmaurice.org\/index.php\/wp-json\/wp\/v2\/users\/3"}],"replies":[{"embeddable":true,"href":"https:\/\/icrspmaurice.org\/index.php\/wp-json\/wp\/v2\/comments?post=463"}],"version-history":[{"count":2,"href":"https:\/\/icrspmaurice.org\/index.php\/wp-json\/wp\/v2\/posts\/463\/revisions"}],"predecessor-version":[{"id":466,"href":"https:\/\/icrspmaurice.org\/index.php\/wp-json\/wp\/v2\/posts\/463\/revisions\/466"}],"wp:attachment":[{"href":"https:\/\/icrspmaurice.org\/index.php\/wp-json\/wp\/v2\/media?parent=463"}],"wp:term":[{"taxonomy":"category","embeddable":true,"href":"https:\/\/icrspmaurice.org\/index.php\/wp-json\/wp\/v2\/categories?post=463"},{"taxonomy":"post_tag","embeddable":true,"href":"https:\/\/icrspmaurice.org\/index.php\/wp-json\/wp\/v2\/tags?post=463"}],"curies":[{"name":"wp","href":"https:\/\/api.w.org\/{rel}","templated":true}]}}