{"id":482,"date":"2022-11-27T12:33:24","date_gmt":"2022-11-27T11:33:24","guid":{"rendered":"https:\/\/icrspmaurice.org\/?p=482"},"modified":"2022-11-27T12:33:43","modified_gmt":"2022-11-27T11:33:43","slug":"1er-dimanche-de-lavent","status":"publish","type":"post","link":"https:\/\/icrspmaurice.org\/index.php\/2022\/11\/27\/1er-dimanche-de-lavent\/","title":{"rendered":"1er Dimanche de l&rsquo;Avent"},"content":{"rendered":"\n<p><strong>\u00ab&nbsp;<\/strong><strong>Donc, fr\u00e8res, pr\u00e9parons-nous \u00e0 accueillir le jour de la naissance du Seigneur en nous parant de v\u00eatements \u00e9clatants de blancheur.&nbsp;\u00bb<\/strong><\/p>\n\n\n\n<p><em>Saint Maxime de Turin<\/em><\/p>\n\n\n\n<p>Chers fid\u00e8les,<\/p>\n\n\n\n<p>&nbsp; Une nouvelle ann\u00e9e liturgique commence et tout est annonc\u00e9 dans ce premier dimanche de l\u2019Avent. En effet, pour entreprendre quelque chose<strong><em>, <\/em><\/strong>il faut d\u2019abord savoir ce que l\u2019on veut faire ; axiome de bon sens que les philosophes expliquent en disant que la cause finale (le but vis\u00e9 dans notre pens\u00e9e) pr\u00e9c\u00e8de la cause efficiente (la puissance de la r\u00e9alisation de l\u2019objectif). Et en ce premier dimanche de l\u2019ann\u00e9e, <strong>l\u2019Eglise nous donne le programme de toute l\u2019ann\u00e9e et sp\u00e9cialement de l\u2019Avent<\/strong>.<\/p>\n\n\n\n<p><strong><em>&nbsp; <\/em><\/strong>Le programme de l\u2019ann\u00e9e liturgique est, somme toute, simple : en revivant, de nouveau, la vie et les myst\u00e8res du Christ se laisser envahir par le Christ afin que se r\u00e9alise ce que Notre Seigneur avait fait en saint Paul : \u00ab&nbsp;<em>ce n\u2019est plus moi, c\u2019est le Christ qui vit en moi<\/em>&nbsp;\u00bb [Ga II, 20] et ainsi d\u2019obtenir le Paradis.<\/p>\n\n\n\n<p>&nbsp; Et c\u2019est pour cela que l\u2019ann\u00e9e liturgique s\u2019ouvre par le temps de l\u2019Avent. Ce n\u2019est pas le simple motif chronologique qui fait que l\u2019Eglise a d\u00e9cid\u00e9 que l\u2019ann\u00e9e chr\u00e9tienne d\u00e9bute par ce temps pr\u00e9cis, mais c\u2019est plut\u00f4t la mystique propre de cette p\u00e9riode qui motive l\u2019Eglise.<\/p>\n\n\n\n<p>&nbsp; Tout l\u2019Avent est centr\u00e9 sur l&rsquo;<em>Adventus<\/em><em> <\/em><em>Domini<\/em>, l&rsquo;Av\u00e8nement du r\u00e8gne de Dieu. C\u2019est \u00ab&nbsp;la clef de vo\u00fbte de la liturgie de l&rsquo;Avent&nbsp;\u00bb. Av\u00e8nement qui, vous le savez bien, est triple&nbsp; : \u00ab&nbsp; <em>Il y a trois <\/em><em>Av\u00e9nements<\/em><em> du Seigneur<\/em>, dit Pierre de Blois, <em>le premier dans la chair, le second dans l&rsquo;\u00e2me, le troisi\u00e8me par le jugement.<\/em>&nbsp;\u00bb Le troisi\u00e8me est celui qui explique le choix de l\u2019\u00e9vangile de cette Messe et n\u2019est-ce pas finalement l\u2019objectif final de toute notre vie chr\u00e9tienne ? \u00ab&nbsp;<em>pensez, <\/em>encourage saint Bernard<em>, \u00e0 l\u2019<\/em><em>Av\u00e9nement<\/em><em> o\u00f9 il viendra pour nous prendre avec lui&nbsp;<\/em>\u00bb Mais pour que celui-ci se r\u00e9alise, il faut que le second se fasse en nous et cela aurait \u00e9t\u00e9 impossible sans le premier. Et ces r\u00e9flexions font que l\u2019\u00e2me se trouve dans une attitude d\u2019attente. <strong>L\u2019attente est l\u2019attitude propre \u00e0 l\u2019Avent et l\u2019attitude fondamentale de toute vie spirituelle. <\/strong>La collecte de la Vigile de No\u00ebl fonde cette posture de l\u2019\u00e2me en rappelant \u00ab&nbsp;<strong><em>vous nous donnez chaque ann\u00e9e la joie d\u2019attendre notre r\u00e9demption<\/em><\/strong> \u00bb.<\/p>\n\n\n\n<p>&nbsp; Afin d\u2019accomplir les v\u0153ux que formule saint Bernard \u00ab&nbsp;<em>Il va de soi, mes fr\u00e8res, que vous devez c\u00e9l\u00e9brer de toute votre d\u00e9votion l&rsquo;av\u00e8nement du Seigneur&nbsp;<\/em>\u00bb, \u00e9coutons l\u2019exhortation de saint Paschase Radbert (+ vers 860) \u00ab&nbsp;<em>C&rsquo;est pourquoi il faut toujours tenir compte d&rsquo;un double av\u00e8nement du Christ : l&rsquo;un quand il viendra, et que nous devrons rendre compte de tout ce que nous aurons fait ; l&rsquo;autre, quotidien, quand il visite sans cesse notre conscience, et qu&rsquo;il vient \u00e0 nous afin de nous trouver pr\u00eats lors de son av\u00e8nement. A quoi me sert, en effet, de conna\u00eetre le jour du jugement, lorsque je suis conscient de tant de p\u00e9ch\u00e9s? De savoir si le Seigneur vient, et s&rsquo;il ne vient pas d&rsquo;abord dans mon c\u0153ur et ne revient pas dans mon esprit, si le Christ ne vit pas et ne parle pas en moi? <\/em><strong><em>Alors, oui, il m&rsquo;est bon que le Christ vienne \u00e0 moi, si avant tout il vit en moi et moi en lui.<\/em><\/strong><em>&nbsp;<\/em>\u00bb<\/p>\n\n\n\n<p class=\"has-text-align-right\"><strong><em>Chanoine B Sigros<\/em><\/strong><\/p>\n","protected":false},"excerpt":{"rendered":"<p>\u00ab&nbsp;Donc, fr\u00e8res, pr\u00e9parons-nous \u00e0 accueillir le jour de la naissance du Seigneur en nous parant de v\u00eatements \u00e9clatants de blancheur.&nbsp;\u00bb Saint Maxime de Turin Chers fid\u00e8les, &nbsp; Une nouvelle ann\u00e9e liturgique commence et tout est annonc\u00e9 dans ce premier dimanche de l\u2019Avent. En effet, pour entreprendre quelque chose, il faut d\u2019abord savoir ce que l\u2019on &#8230; <a title=\"1er Dimanche de l&rsquo;Avent\" class=\"read-more\" href=\"https:\/\/icrspmaurice.org\/index.php\/2022\/11\/27\/1er-dimanche-de-lavent\/\" aria-label=\"En savoir plus sur 1er Dimanche de l&rsquo;Avent\">Lire la suite<\/a><\/p>\n","protected":false},"author":3,"featured_media":0,"comment_status":"closed","ping_status":"closed","sticky":false,"template":"","format":"standard","meta":{"ngg_post_thumbnail":0,"footnotes":"","_links_to":"","_links_to_target":""},"categories":[3],"tags":[],"yoast_head":"<!-- This site is optimized with the Yoast SEO plugin v22.6 - https:\/\/yoast.com\/wordpress\/plugins\/seo\/ -->\n<title>1er Dimanche de l&#039;Avent - ICRSP MAURICE<\/title>\n<meta name=\"robots\" content=\"index, follow, max-snippet:-1, max-image-preview:large, max-video-preview:-1\" \/>\n<link rel=\"canonical\" href=\"https:\/\/icrspmaurice.org\/index.php\/2022\/11\/27\/1er-dimanche-de-lavent\/\" \/>\n<meta property=\"og:locale\" content=\"fr_FR\" \/>\n<meta property=\"og:type\" content=\"article\" \/>\n<meta property=\"og:title\" content=\"1er Dimanche de l&#039;Avent - ICRSP MAURICE\" \/>\n<meta property=\"og:description\" content=\"\u00ab&nbsp;Donc, fr\u00e8res, pr\u00e9parons-nous \u00e0 accueillir le jour de la naissance du Seigneur en nous parant de v\u00eatements \u00e9clatants de blancheur.&nbsp;\u00bb Saint Maxime de Turin Chers fid\u00e8les, &nbsp; Une nouvelle ann\u00e9e liturgique commence et tout est annonc\u00e9 dans ce premier dimanche de l\u2019Avent. En effet, pour entreprendre quelque chose, il faut d\u2019abord savoir ce que l\u2019on ... Lire la suite\" \/>\n<meta property=\"og:url\" content=\"https:\/\/icrspmaurice.org\/index.php\/2022\/11\/27\/1er-dimanche-de-lavent\/\" \/>\n<meta property=\"og:site_name\" content=\"ICRSP MAURICE\" \/>\n<meta property=\"article:published_time\" content=\"2022-11-27T11:33:24+00:00\" \/>\n<meta property=\"article:modified_time\" content=\"2022-11-27T11:33:43+00:00\" \/>\n<meta name=\"author\" content=\"Chanoine B Sigros\" \/>\n<meta name=\"twitter:card\" content=\"summary_large_image\" \/>\n<meta name=\"twitter:label1\" content=\"\u00c9crit par\" \/>\n\t<meta name=\"twitter:data1\" content=\"Chanoine B Sigros\" \/>\n\t<meta name=\"twitter:label2\" content=\"Dur\u00e9e de lecture estim\u00e9e\" \/>\n\t<meta name=\"twitter:data2\" content=\"3 minutes\" \/>\n<script type=\"application\/ld+json\" class=\"yoast-schema-graph\">{\"@context\":\"https:\/\/schema.org\",\"@graph\":[{\"@type\":\"Article\",\"@id\":\"https:\/\/icrspmaurice.org\/index.php\/2022\/11\/27\/1er-dimanche-de-lavent\/#article\",\"isPartOf\":{\"@id\":\"https:\/\/icrspmaurice.org\/index.php\/2022\/11\/27\/1er-dimanche-de-lavent\/\"},\"author\":{\"name\":\"Chanoine B Sigros\",\"@id\":\"https:\/\/icrspmaurice.org\/#\/schema\/person\/b51412607e2f2c680ab73987c9805de4\"},\"headline\":\"1er Dimanche de l&rsquo;Avent\",\"datePublished\":\"2022-11-27T11:33:24+00:00\",\"dateModified\":\"2022-11-27T11:33:43+00:00\",\"mainEntityOfPage\":{\"@id\":\"https:\/\/icrspmaurice.org\/index.php\/2022\/11\/27\/1er-dimanche-de-lavent\/\"},\"wordCount\":645,\"publisher\":{\"@id\":\"https:\/\/icrspmaurice.org\/#organization\"},\"articleSection\":[\"Le mot du Chanoine\"],\"inLanguage\":\"fr-FR\"},{\"@type\":\"WebPage\",\"@id\":\"https:\/\/icrspmaurice.org\/index.php\/2022\/11\/27\/1er-dimanche-de-lavent\/\",\"url\":\"https:\/\/icrspmaurice.org\/index.php\/2022\/11\/27\/1er-dimanche-de-lavent\/\",\"name\":\"1er Dimanche de l'Avent - ICRSP MAURICE\",\"isPartOf\":{\"@id\":\"https:\/\/icrspmaurice.org\/#website\"},\"datePublished\":\"2022-11-27T11:33:24+00:00\",\"dateModified\":\"2022-11-27T11:33:43+00:00\",\"breadcrumb\":{\"@id\":\"https:\/\/icrspmaurice.org\/index.php\/2022\/11\/27\/1er-dimanche-de-lavent\/#breadcrumb\"},\"inLanguage\":\"fr-FR\",\"potentialAction\":[{\"@type\":\"ReadAction\",\"target\":[\"https:\/\/icrspmaurice.org\/index.php\/2022\/11\/27\/1er-dimanche-de-lavent\/\"]}]},{\"@type\":\"BreadcrumbList\",\"@id\":\"https:\/\/icrspmaurice.org\/index.php\/2022\/11\/27\/1er-dimanche-de-lavent\/#breadcrumb\",\"itemListElement\":[{\"@type\":\"ListItem\",\"position\":1,\"name\":\"Accueil\",\"item\":\"https:\/\/icrspmaurice.org\/\"},{\"@type\":\"ListItem\",\"position\":2,\"name\":\"1er Dimanche de l&#8217;Avent\"}]},{\"@type\":\"WebSite\",\"@id\":\"https:\/\/icrspmaurice.org\/#website\",\"url\":\"https:\/\/icrspmaurice.org\/\",\"name\":\"ICRSP MAURICE\",\"description\":\"Ile Maurice\",\"publisher\":{\"@id\":\"https:\/\/icrspmaurice.org\/#organization\"},\"potentialAction\":[{\"@type\":\"SearchAction\",\"target\":{\"@type\":\"EntryPoint\",\"urlTemplate\":\"https:\/\/icrspmaurice.org\/?s={search_term_string}\"},\"query-input\":\"required name=search_term_string\"}],\"inLanguage\":\"fr-FR\"},{\"@type\":\"Organization\",\"@id\":\"https:\/\/icrspmaurice.org\/#organization\",\"name\":\"ICRSP MAURICE\",\"url\":\"https:\/\/icrspmaurice.org\/\",\"logo\":{\"@type\":\"ImageObject\",\"inLanguage\":\"fr-FR\",\"@id\":\"https:\/\/icrspmaurice.org\/#\/schema\/logo\/image\/\",\"url\":\"https:\/\/icrspmaurice.org\/wp-content\/uploads\/2021\/08\/Institute-Crest.png\",\"contentUrl\":\"https:\/\/icrspmaurice.org\/wp-content\/uploads\/2021\/08\/Institute-Crest.png\",\"width\":288,\"height\":335,\"caption\":\"ICRSP MAURICE\"},\"image\":{\"@id\":\"https:\/\/icrspmaurice.org\/#\/schema\/logo\/image\/\"}},{\"@type\":\"Person\",\"@id\":\"https:\/\/icrspmaurice.org\/#\/schema\/person\/b51412607e2f2c680ab73987c9805de4\",\"name\":\"Chanoine B Sigros\",\"image\":{\"@type\":\"ImageObject\",\"inLanguage\":\"fr-FR\",\"@id\":\"https:\/\/icrspmaurice.org\/#\/schema\/person\/image\/\",\"url\":\"https:\/\/secure.gravatar.com\/avatar\/fd1051165a20d855ed594564a6236ac5?s=96&d=mm&r=g\",\"contentUrl\":\"https:\/\/secure.gravatar.com\/avatar\/fd1051165a20d855ed594564a6236ac5?s=96&d=mm&r=g\",\"caption\":\"Chanoine B Sigros\"},\"url\":\"https:\/\/icrspmaurice.org\/index.php\/author\/bsigros\/\"}]}<\/script>\n<!-- \/ Yoast SEO plugin. -->","yoast_head_json":{"title":"1er Dimanche de l'Avent - ICRSP MAURICE","robots":{"index":"index","follow":"follow","max-snippet":"max-snippet:-1","max-image-preview":"max-image-preview:large","max-video-preview":"max-video-preview:-1"},"canonical":"https:\/\/icrspmaurice.org\/index.php\/2022\/11\/27\/1er-dimanche-de-lavent\/","og_locale":"fr_FR","og_type":"article","og_title":"1er Dimanche de l'Avent - ICRSP MAURICE","og_description":"\u00ab&nbsp;Donc, fr\u00e8res, pr\u00e9parons-nous \u00e0 accueillir le jour de la naissance du Seigneur en nous parant de v\u00eatements \u00e9clatants de blancheur.&nbsp;\u00bb Saint Maxime de Turin Chers fid\u00e8les, &nbsp; Une nouvelle ann\u00e9e liturgique commence et tout est annonc\u00e9 dans ce premier dimanche de l\u2019Avent. En effet, pour entreprendre quelque chose, il faut d\u2019abord savoir ce que l\u2019on ... Lire la suite","og_url":"https:\/\/icrspmaurice.org\/index.php\/2022\/11\/27\/1er-dimanche-de-lavent\/","og_site_name":"ICRSP MAURICE","article_published_time":"2022-11-27T11:33:24+00:00","article_modified_time":"2022-11-27T11:33:43+00:00","author":"Chanoine B Sigros","twitter_card":"summary_large_image","twitter_misc":{"\u00c9crit par":"Chanoine B Sigros","Dur\u00e9e de lecture estim\u00e9e":"3 minutes"},"schema":{"@context":"https:\/\/schema.org","@graph":[{"@type":"Article","@id":"https:\/\/icrspmaurice.org\/index.php\/2022\/11\/27\/1er-dimanche-de-lavent\/#article","isPartOf":{"@id":"https:\/\/icrspmaurice.org\/index.php\/2022\/11\/27\/1er-dimanche-de-lavent\/"},"author":{"name":"Chanoine B Sigros","@id":"https:\/\/icrspmaurice.org\/#\/schema\/person\/b51412607e2f2c680ab73987c9805de4"},"headline":"1er Dimanche de l&rsquo;Avent","datePublished":"2022-11-27T11:33:24+00:00","dateModified":"2022-11-27T11:33:43+00:00","mainEntityOfPage":{"@id":"https:\/\/icrspmaurice.org\/index.php\/2022\/11\/27\/1er-dimanche-de-lavent\/"},"wordCount":645,"publisher":{"@id":"https:\/\/icrspmaurice.org\/#organization"},"articleSection":["Le mot du Chanoine"],"inLanguage":"fr-FR"},{"@type":"WebPage","@id":"https:\/\/icrspmaurice.org\/index.php\/2022\/11\/27\/1er-dimanche-de-lavent\/","url":"https:\/\/icrspmaurice.org\/index.php\/2022\/11\/27\/1er-dimanche-de-lavent\/","name":"1er Dimanche de l'Avent - ICRSP MAURICE","isPartOf":{"@id":"https:\/\/icrspmaurice.org\/#website"},"datePublished":"2022-11-27T11:33:24+00:00","dateModified":"2022-11-27T11:33:43+00:00","breadcrumb":{"@id":"https:\/\/icrspmaurice.org\/index.php\/2022\/11\/27\/1er-dimanche-de-lavent\/#breadcrumb"},"inLanguage":"fr-FR","potentialAction":[{"@type":"ReadAction","target":["https:\/\/icrspmaurice.org\/index.php\/2022\/11\/27\/1er-dimanche-de-lavent\/"]}]},{"@type":"BreadcrumbList","@id":"https:\/\/icrspmaurice.org\/index.php\/2022\/11\/27\/1er-dimanche-de-lavent\/#breadcrumb","itemListElement":[{"@type":"ListItem","position":1,"name":"Accueil","item":"https:\/\/icrspmaurice.org\/"},{"@type":"ListItem","position":2,"name":"1er Dimanche de l&#8217;Avent"}]},{"@type":"WebSite","@id":"https:\/\/icrspmaurice.org\/#website","url":"https:\/\/icrspmaurice.org\/","name":"ICRSP MAURICE","description":"Ile Maurice","publisher":{"@id":"https:\/\/icrspmaurice.org\/#organization"},"potentialAction":[{"@type":"SearchAction","target":{"@type":"EntryPoint","urlTemplate":"https:\/\/icrspmaurice.org\/?s={search_term_string}"},"query-input":"required name=search_term_string"}],"inLanguage":"fr-FR"},{"@type":"Organization","@id":"https:\/\/icrspmaurice.org\/#organization","name":"ICRSP MAURICE","url":"https:\/\/icrspmaurice.org\/","logo":{"@type":"ImageObject","inLanguage":"fr-FR","@id":"https:\/\/icrspmaurice.org\/#\/schema\/logo\/image\/","url":"https:\/\/icrspmaurice.org\/wp-content\/uploads\/2021\/08\/Institute-Crest.png","contentUrl":"https:\/\/icrspmaurice.org\/wp-content\/uploads\/2021\/08\/Institute-Crest.png","width":288,"height":335,"caption":"ICRSP MAURICE"},"image":{"@id":"https:\/\/icrspmaurice.org\/#\/schema\/logo\/image\/"}},{"@type":"Person","@id":"https:\/\/icrspmaurice.org\/#\/schema\/person\/b51412607e2f2c680ab73987c9805de4","name":"Chanoine B Sigros","image":{"@type":"ImageObject","inLanguage":"fr-FR","@id":"https:\/\/icrspmaurice.org\/#\/schema\/person\/image\/","url":"https:\/\/secure.gravatar.com\/avatar\/fd1051165a20d855ed594564a6236ac5?s=96&d=mm&r=g","contentUrl":"https:\/\/secure.gravatar.com\/avatar\/fd1051165a20d855ed594564a6236ac5?s=96&d=mm&r=g","caption":"Chanoine B Sigros"},"url":"https:\/\/icrspmaurice.org\/index.php\/author\/bsigros\/"}]}},"_links":{"self":[{"href":"https:\/\/icrspmaurice.org\/index.php\/wp-json\/wp\/v2\/posts\/482"}],"collection":[{"href":"https:\/\/icrspmaurice.org\/index.php\/wp-json\/wp\/v2\/posts"}],"about":[{"href":"https:\/\/icrspmaurice.org\/index.php\/wp-json\/wp\/v2\/types\/post"}],"author":[{"embeddable":true,"href":"https:\/\/icrspmaurice.org\/index.php\/wp-json\/wp\/v2\/users\/3"}],"replies":[{"embeddable":true,"href":"https:\/\/icrspmaurice.org\/index.php\/wp-json\/wp\/v2\/comments?post=482"}],"version-history":[{"count":1,"href":"https:\/\/icrspmaurice.org\/index.php\/wp-json\/wp\/v2\/posts\/482\/revisions"}],"predecessor-version":[{"id":483,"href":"https:\/\/icrspmaurice.org\/index.php\/wp-json\/wp\/v2\/posts\/482\/revisions\/483"}],"wp:attachment":[{"href":"https:\/\/icrspmaurice.org\/index.php\/wp-json\/wp\/v2\/media?parent=482"}],"wp:term":[{"taxonomy":"category","embeddable":true,"href":"https:\/\/icrspmaurice.org\/index.php\/wp-json\/wp\/v2\/categories?post=482"},{"taxonomy":"post_tag","embeddable":true,"href":"https:\/\/icrspmaurice.org\/index.php\/wp-json\/wp\/v2\/tags?post=482"}],"curies":[{"name":"wp","href":"https:\/\/api.w.org\/{rel}","templated":true}]}}