{"id":490,"date":"2022-12-03T19:33:18","date_gmt":"2022-12-03T18:33:18","guid":{"rendered":"https:\/\/icrspmaurice.org\/?p=490"},"modified":"2022-12-03T19:33:20","modified_gmt":"2022-12-03T18:33:20","slug":"deuxieme-dimanche-de-lavent","status":"publish","type":"post","link":"https:\/\/icrspmaurice.org\/index.php\/2022\/12\/03\/deuxieme-dimanche-de-lavent\/","title":{"rendered":"Deuxi\u00e8me dimanche de l&rsquo;Avent"},"content":{"rendered":"\n<figure class=\"wp-block-image size-large\"><img decoding=\"async\" loading=\"lazy\" width=\"1024\" height=\"628\" src=\"https:\/\/icrspmaurice.org\/wp-content\/uploads\/2022\/12\/saint-jean-baptiste-recadre-1024x628.jpg\" alt=\"\" class=\"wp-image-491\" srcset=\"https:\/\/icrspmaurice.org\/wp-content\/uploads\/2022\/12\/saint-jean-baptiste-recadre-1024x628.jpg 1024w, https:\/\/icrspmaurice.org\/wp-content\/uploads\/2022\/12\/saint-jean-baptiste-recadre-300x184.jpg 300w, https:\/\/icrspmaurice.org\/wp-content\/uploads\/2022\/12\/saint-jean-baptiste-recadre-768x471.jpg 768w, https:\/\/icrspmaurice.org\/wp-content\/uploads\/2022\/12\/saint-jean-baptiste-recadre.jpg 1280w\" sizes=\"(max-width: 1024px) 100vw, 1024px\" \/><\/figure>\n\n\n\n<p><strong>\u00ab\u00a0La route qu&rsquo;on vous montre n&rsquo;est pas longue ; \u00f4 hommes ! Vous n&rsquo;avez ni \u00e0 franchir les mers, ni \u00e0 p\u00e9n\u00e9trer les nues, ni \u00e0 gravir les montagnes. C&rsquo;est en vous-m\u00eames que vous irez \u00e0 la rencontre de votre Dieu. \u00bb<\/strong> <em>Saint Bernard<\/em><\/p>\n\n\n\n<p>Chers fid\u00e8les,<\/p>\n\n\n\n<p>&nbsp; Dans la collecte de cette Messe nous disons&nbsp; : \u00ab&nbsp;<em>Excitez, Seigneur, nos c\u0153urs pour pr\u00e9parer la route \u00e0 votre Fils unique&nbsp;<\/em>\u00bb C\u2019est l\u00e0 l\u2019\u00e9cho de la mission que Dieu attribua, en son temps, \u00e0 saint Jean-Baptiste, comme nous le dit l\u2019\u00e9vangile de ce dimanche : \u00ab&nbsp;<em>C\u2019est celui dont il est \u00e9crit : Voici que j\u2019envoie mon messager en avant de vous, pour vous pr\u00e9parer la voie devant vous. <\/em>\u00bb Aujourd\u2019hui, avec l\u2019intercession de saint Jean-Baptiste, nous voulons nous aussi faire une route en notre \u00e2me au Verbe incarn\u00e9. C\u2019est l\u00e0 l\u2019enseignement majeur de cette Messe comme le dit Dom Gu\u00e9ranger \u00ab <strong><em>L\u2019av\u00e8nement int\u00e9rieur, celui qui s\u2019op\u00e8re dans les \u00e2mes, est l\u2019objet presque exclusif des pri\u00e8res de l\u2019\u00c9glise en ce jour <\/em><\/strong>\u00bb&nbsp;<\/p>\n\n\n\n<p>&nbsp; Pour faire cette piste, il faut se mettre en route. Ecoutez les conseils que nous donne le Bienheureux P\u00e8re Abb\u00e9 Guerric D&rsquo;Igny (1070 +1157) : \u00ab Le chemin du Seigneur, fr\u00e8res, qu&rsquo;il nous est demand\u00e9 de pr\u00e9parer <strong>se pr\u00e9pare en marchant<\/strong>. On y marche dans la mesure o\u00f9 on le pr\u00e9pare. M\u00eame si vous vous \u00eates beaucoup avanc\u00e9s sur ce chemin, <strong>il vous reste toujours \u00e0 le pr\u00e9parer<\/strong>, afin que, du point o\u00f9 vous \u00eates parvenus, vous soyez toujours tendus au-del\u00e0. Voil\u00e0 comment, \u00e0 chaque pas que vous faites, le Seigneur \u00e0 qui vous pr\u00e9parez les voies vient au-devant de vous, toujours nouveau, toujours plus grand. C&rsquo;est pourquoi le voyageur sage et d\u00e9cid\u00e9 pensera commencer lorsqu&rsquo;il arrivera. Il oubliera alors ce qui est derri\u00e8re lui pour se dire chaque jour : \u00ab\u00a0<em>Maintenant, je commence.<\/em>\u00a0\u00bb Mais nous qui parlons d&rsquo;avanc\u00e9e dans ce chemin, pl\u00fbt au ciel que nous nous soyons mis en route ! A mon sens, <strong>quiconque s&rsquo;est mis en route est d\u00e9j\u00e0 sur la bonne voie <\/strong>: il faut toutefois qu&rsquo;il ait vraiment commenc\u00e9. Si tu es d\u00e9j\u00e0 sur le chemin, ne perds pas ta route ; tu offenserais le Seigneur qui lui-m\u00eame t&rsquo;a conduit. Alors il te laisserait errer dans les voies de ton c\u0153ur. Si ce chemin te para\u00eet dur, regarde le terme auquel il te conduit. \u00ab\u00a0<em>Ils marcheront par ce chemin, dit Isa\u00efe, ceux qui ont \u00e9t\u00e9 lib\u00e9r\u00e9s et rachet\u00e9s par le Seigneur, et ils viendront dans Sion avec des cris de joie. Un bonheur \u00e9ternel transfigurera leur visage, all\u00e9gresse et joie les accompagneront, douleur et plainte auront pris fin.<\/em>\u00a0\u00bb Celui qui pense \u00e0 ce terme, non seulement trouve le chemin court, mais encore a des ailes, de sorte qu&rsquo;il ne marche plus, il vole vers le but. \u00bb<\/p>\n\n\n\n<p>&nbsp; Pour conclure voyons comment entreprendre ce voyage qui ouvre et trace la route : \u00ab Effor\u00e7ons-nous, dit saint Bernard, de monter vers le Sauveur par la m\u00eame voie qu&rsquo;il a suivie pour descendre jusqu&rsquo;\u00e0 nous. Puissions-nous avoir, par vous, \u00d4 Marie, acc\u00e8s aupr\u00e8s de votre Fils. Que celui qui nous a \u00e9t\u00e9 donn\u00e9 par vous, par vous aussi nous re\u00e7oive. \u00bb<\/p>\n\n\n\n<p class=\"has-text-align-right\"><strong><em>Chanoine B Sigros<\/em><\/strong><\/p>\n","protected":false},"excerpt":{"rendered":"<p>\u00ab\u00a0La route qu&rsquo;on vous montre n&rsquo;est pas longue ; \u00f4 hommes ! Vous n&rsquo;avez ni \u00e0 franchir les mers, ni \u00e0 p\u00e9n\u00e9trer les nues, ni \u00e0 gravir les montagnes. C&rsquo;est en vous-m\u00eames que vous irez \u00e0 la rencontre de votre Dieu. \u00bb Saint Bernard Chers fid\u00e8les, &nbsp; Dans la collecte de cette Messe nous disons&nbsp; &#8230; <a title=\"Deuxi\u00e8me dimanche de l&rsquo;Avent\" class=\"read-more\" href=\"https:\/\/icrspmaurice.org\/index.php\/2022\/12\/03\/deuxieme-dimanche-de-lavent\/\" aria-label=\"En savoir plus sur Deuxi\u00e8me dimanche de l&rsquo;Avent\">Lire la suite<\/a><\/p>\n","protected":false},"author":3,"featured_media":0,"comment_status":"closed","ping_status":"closed","sticky":false,"template":"","format":"standard","meta":{"ngg_post_thumbnail":0,"footnotes":"","_links_to":"","_links_to_target":""},"categories":[3],"tags":[],"yoast_head":"<!-- This site is optimized with the Yoast SEO plugin v22.6 - https:\/\/yoast.com\/wordpress\/plugins\/seo\/ -->\n<title>Deuxi\u00e8me dimanche de l&#039;Avent - ICRSP MAURICE<\/title>\n<meta name=\"robots\" content=\"index, follow, max-snippet:-1, max-image-preview:large, max-video-preview:-1\" \/>\n<link rel=\"canonical\" href=\"https:\/\/icrspmaurice.org\/index.php\/2022\/12\/03\/deuxieme-dimanche-de-lavent\/\" \/>\n<meta property=\"og:locale\" content=\"fr_FR\" \/>\n<meta property=\"og:type\" content=\"article\" \/>\n<meta property=\"og:title\" content=\"Deuxi\u00e8me dimanche de l&#039;Avent - ICRSP MAURICE\" \/>\n<meta property=\"og:description\" content=\"\u00ab\u00a0La route qu&rsquo;on vous montre n&rsquo;est pas longue ; \u00f4 hommes ! Vous n&rsquo;avez ni \u00e0 franchir les mers, ni \u00e0 p\u00e9n\u00e9trer les nues, ni \u00e0 gravir les montagnes. C&rsquo;est en vous-m\u00eames que vous irez \u00e0 la rencontre de votre Dieu. \u00bb Saint Bernard Chers fid\u00e8les, &nbsp; Dans la collecte de cette Messe nous disons&nbsp; ... Lire la suite\" \/>\n<meta property=\"og:url\" content=\"https:\/\/icrspmaurice.org\/index.php\/2022\/12\/03\/deuxieme-dimanche-de-lavent\/\" \/>\n<meta property=\"og:site_name\" content=\"ICRSP MAURICE\" \/>\n<meta property=\"article:published_time\" content=\"2022-12-03T18:33:18+00:00\" \/>\n<meta property=\"article:modified_time\" content=\"2022-12-03T18:33:20+00:00\" \/>\n<meta property=\"og:image\" content=\"https:\/\/icrspmaurice.org\/wp-content\/uploads\/2022\/12\/saint-jean-baptiste-recadre-1024x628.jpg\" \/>\n<meta name=\"author\" content=\"Chanoine B Sigros\" \/>\n<meta name=\"twitter:card\" content=\"summary_large_image\" \/>\n<meta name=\"twitter:label1\" content=\"\u00c9crit par\" \/>\n\t<meta name=\"twitter:data1\" content=\"Chanoine B Sigros\" \/>\n\t<meta name=\"twitter:label2\" content=\"Dur\u00e9e de lecture estim\u00e9e\" \/>\n\t<meta name=\"twitter:data2\" content=\"3 minutes\" \/>\n<script type=\"application\/ld+json\" class=\"yoast-schema-graph\">{\"@context\":\"https:\/\/schema.org\",\"@graph\":[{\"@type\":\"Article\",\"@id\":\"https:\/\/icrspmaurice.org\/index.php\/2022\/12\/03\/deuxieme-dimanche-de-lavent\/#article\",\"isPartOf\":{\"@id\":\"https:\/\/icrspmaurice.org\/index.php\/2022\/12\/03\/deuxieme-dimanche-de-lavent\/\"},\"author\":{\"name\":\"Chanoine B Sigros\",\"@id\":\"https:\/\/icrspmaurice.org\/#\/schema\/person\/b51412607e2f2c680ab73987c9805de4\"},\"headline\":\"Deuxi\u00e8me dimanche de l&rsquo;Avent\",\"datePublished\":\"2022-12-03T18:33:18+00:00\",\"dateModified\":\"2022-12-03T18:33:20+00:00\",\"mainEntityOfPage\":{\"@id\":\"https:\/\/icrspmaurice.org\/index.php\/2022\/12\/03\/deuxieme-dimanche-de-lavent\/\"},\"wordCount\":557,\"publisher\":{\"@id\":\"https:\/\/icrspmaurice.org\/#organization\"},\"image\":{\"@id\":\"https:\/\/icrspmaurice.org\/index.php\/2022\/12\/03\/deuxieme-dimanche-de-lavent\/#primaryimage\"},\"thumbnailUrl\":\"https:\/\/icrspmaurice.org\/wp-content\/uploads\/2022\/12\/saint-jean-baptiste-recadre-1024x628.jpg\",\"articleSection\":[\"Le mot du Chanoine\"],\"inLanguage\":\"fr-FR\"},{\"@type\":\"WebPage\",\"@id\":\"https:\/\/icrspmaurice.org\/index.php\/2022\/12\/03\/deuxieme-dimanche-de-lavent\/\",\"url\":\"https:\/\/icrspmaurice.org\/index.php\/2022\/12\/03\/deuxieme-dimanche-de-lavent\/\",\"name\":\"Deuxi\u00e8me dimanche de l'Avent - ICRSP MAURICE\",\"isPartOf\":{\"@id\":\"https:\/\/icrspmaurice.org\/#website\"},\"primaryImageOfPage\":{\"@id\":\"https:\/\/icrspmaurice.org\/index.php\/2022\/12\/03\/deuxieme-dimanche-de-lavent\/#primaryimage\"},\"image\":{\"@id\":\"https:\/\/icrspmaurice.org\/index.php\/2022\/12\/03\/deuxieme-dimanche-de-lavent\/#primaryimage\"},\"thumbnailUrl\":\"https:\/\/icrspmaurice.org\/wp-content\/uploads\/2022\/12\/saint-jean-baptiste-recadre-1024x628.jpg\",\"datePublished\":\"2022-12-03T18:33:18+00:00\",\"dateModified\":\"2022-12-03T18:33:20+00:00\",\"breadcrumb\":{\"@id\":\"https:\/\/icrspmaurice.org\/index.php\/2022\/12\/03\/deuxieme-dimanche-de-lavent\/#breadcrumb\"},\"inLanguage\":\"fr-FR\",\"potentialAction\":[{\"@type\":\"ReadAction\",\"target\":[\"https:\/\/icrspmaurice.org\/index.php\/2022\/12\/03\/deuxieme-dimanche-de-lavent\/\"]}]},{\"@type\":\"ImageObject\",\"inLanguage\":\"fr-FR\",\"@id\":\"https:\/\/icrspmaurice.org\/index.php\/2022\/12\/03\/deuxieme-dimanche-de-lavent\/#primaryimage\",\"url\":\"https:\/\/icrspmaurice.org\/wp-content\/uploads\/2022\/12\/saint-jean-baptiste-recadre.jpg\",\"contentUrl\":\"https:\/\/icrspmaurice.org\/wp-content\/uploads\/2022\/12\/saint-jean-baptiste-recadre.jpg\",\"width\":1280,\"height\":785},{\"@type\":\"BreadcrumbList\",\"@id\":\"https:\/\/icrspmaurice.org\/index.php\/2022\/12\/03\/deuxieme-dimanche-de-lavent\/#breadcrumb\",\"itemListElement\":[{\"@type\":\"ListItem\",\"position\":1,\"name\":\"Accueil\",\"item\":\"https:\/\/icrspmaurice.org\/\"},{\"@type\":\"ListItem\",\"position\":2,\"name\":\"Deuxi\u00e8me dimanche de l&#8217;Avent\"}]},{\"@type\":\"WebSite\",\"@id\":\"https:\/\/icrspmaurice.org\/#website\",\"url\":\"https:\/\/icrspmaurice.org\/\",\"name\":\"ICRSP MAURICE\",\"description\":\"Ile Maurice\",\"publisher\":{\"@id\":\"https:\/\/icrspmaurice.org\/#organization\"},\"potentialAction\":[{\"@type\":\"SearchAction\",\"target\":{\"@type\":\"EntryPoint\",\"urlTemplate\":\"https:\/\/icrspmaurice.org\/?s={search_term_string}\"},\"query-input\":\"required name=search_term_string\"}],\"inLanguage\":\"fr-FR\"},{\"@type\":\"Organization\",\"@id\":\"https:\/\/icrspmaurice.org\/#organization\",\"name\":\"ICRSP MAURICE\",\"url\":\"https:\/\/icrspmaurice.org\/\",\"logo\":{\"@type\":\"ImageObject\",\"inLanguage\":\"fr-FR\",\"@id\":\"https:\/\/icrspmaurice.org\/#\/schema\/logo\/image\/\",\"url\":\"https:\/\/icrspmaurice.org\/wp-content\/uploads\/2021\/08\/Institute-Crest.png\",\"contentUrl\":\"https:\/\/icrspmaurice.org\/wp-content\/uploads\/2021\/08\/Institute-Crest.png\",\"width\":288,\"height\":335,\"caption\":\"ICRSP MAURICE\"},\"image\":{\"@id\":\"https:\/\/icrspmaurice.org\/#\/schema\/logo\/image\/\"}},{\"@type\":\"Person\",\"@id\":\"https:\/\/icrspmaurice.org\/#\/schema\/person\/b51412607e2f2c680ab73987c9805de4\",\"name\":\"Chanoine B Sigros\",\"image\":{\"@type\":\"ImageObject\",\"inLanguage\":\"fr-FR\",\"@id\":\"https:\/\/icrspmaurice.org\/#\/schema\/person\/image\/\",\"url\":\"https:\/\/secure.gravatar.com\/avatar\/fd1051165a20d855ed594564a6236ac5?s=96&d=mm&r=g\",\"contentUrl\":\"https:\/\/secure.gravatar.com\/avatar\/fd1051165a20d855ed594564a6236ac5?s=96&d=mm&r=g\",\"caption\":\"Chanoine B Sigros\"},\"url\":\"https:\/\/icrspmaurice.org\/index.php\/author\/bsigros\/\"}]}<\/script>\n<!-- \/ Yoast SEO plugin. -->","yoast_head_json":{"title":"Deuxi\u00e8me dimanche de l'Avent - ICRSP MAURICE","robots":{"index":"index","follow":"follow","max-snippet":"max-snippet:-1","max-image-preview":"max-image-preview:large","max-video-preview":"max-video-preview:-1"},"canonical":"https:\/\/icrspmaurice.org\/index.php\/2022\/12\/03\/deuxieme-dimanche-de-lavent\/","og_locale":"fr_FR","og_type":"article","og_title":"Deuxi\u00e8me dimanche de l'Avent - ICRSP MAURICE","og_description":"\u00ab\u00a0La route qu&rsquo;on vous montre n&rsquo;est pas longue ; \u00f4 hommes ! Vous n&rsquo;avez ni \u00e0 franchir les mers, ni \u00e0 p\u00e9n\u00e9trer les nues, ni \u00e0 gravir les montagnes. C&rsquo;est en vous-m\u00eames que vous irez \u00e0 la rencontre de votre Dieu. \u00bb Saint Bernard Chers fid\u00e8les, &nbsp; Dans la collecte de cette Messe nous disons&nbsp; ... Lire la suite","og_url":"https:\/\/icrspmaurice.org\/index.php\/2022\/12\/03\/deuxieme-dimanche-de-lavent\/","og_site_name":"ICRSP MAURICE","article_published_time":"2022-12-03T18:33:18+00:00","article_modified_time":"2022-12-03T18:33:20+00:00","og_image":[{"url":"https:\/\/icrspmaurice.org\/wp-content\/uploads\/2022\/12\/saint-jean-baptiste-recadre-1024x628.jpg"}],"author":"Chanoine B Sigros","twitter_card":"summary_large_image","twitter_misc":{"\u00c9crit par":"Chanoine B Sigros","Dur\u00e9e de lecture estim\u00e9e":"3 minutes"},"schema":{"@context":"https:\/\/schema.org","@graph":[{"@type":"Article","@id":"https:\/\/icrspmaurice.org\/index.php\/2022\/12\/03\/deuxieme-dimanche-de-lavent\/#article","isPartOf":{"@id":"https:\/\/icrspmaurice.org\/index.php\/2022\/12\/03\/deuxieme-dimanche-de-lavent\/"},"author":{"name":"Chanoine B Sigros","@id":"https:\/\/icrspmaurice.org\/#\/schema\/person\/b51412607e2f2c680ab73987c9805de4"},"headline":"Deuxi\u00e8me dimanche de l&rsquo;Avent","datePublished":"2022-12-03T18:33:18+00:00","dateModified":"2022-12-03T18:33:20+00:00","mainEntityOfPage":{"@id":"https:\/\/icrspmaurice.org\/index.php\/2022\/12\/03\/deuxieme-dimanche-de-lavent\/"},"wordCount":557,"publisher":{"@id":"https:\/\/icrspmaurice.org\/#organization"},"image":{"@id":"https:\/\/icrspmaurice.org\/index.php\/2022\/12\/03\/deuxieme-dimanche-de-lavent\/#primaryimage"},"thumbnailUrl":"https:\/\/icrspmaurice.org\/wp-content\/uploads\/2022\/12\/saint-jean-baptiste-recadre-1024x628.jpg","articleSection":["Le mot du Chanoine"],"inLanguage":"fr-FR"},{"@type":"WebPage","@id":"https:\/\/icrspmaurice.org\/index.php\/2022\/12\/03\/deuxieme-dimanche-de-lavent\/","url":"https:\/\/icrspmaurice.org\/index.php\/2022\/12\/03\/deuxieme-dimanche-de-lavent\/","name":"Deuxi\u00e8me dimanche de l'Avent - ICRSP MAURICE","isPartOf":{"@id":"https:\/\/icrspmaurice.org\/#website"},"primaryImageOfPage":{"@id":"https:\/\/icrspmaurice.org\/index.php\/2022\/12\/03\/deuxieme-dimanche-de-lavent\/#primaryimage"},"image":{"@id":"https:\/\/icrspmaurice.org\/index.php\/2022\/12\/03\/deuxieme-dimanche-de-lavent\/#primaryimage"},"thumbnailUrl":"https:\/\/icrspmaurice.org\/wp-content\/uploads\/2022\/12\/saint-jean-baptiste-recadre-1024x628.jpg","datePublished":"2022-12-03T18:33:18+00:00","dateModified":"2022-12-03T18:33:20+00:00","breadcrumb":{"@id":"https:\/\/icrspmaurice.org\/index.php\/2022\/12\/03\/deuxieme-dimanche-de-lavent\/#breadcrumb"},"inLanguage":"fr-FR","potentialAction":[{"@type":"ReadAction","target":["https:\/\/icrspmaurice.org\/index.php\/2022\/12\/03\/deuxieme-dimanche-de-lavent\/"]}]},{"@type":"ImageObject","inLanguage":"fr-FR","@id":"https:\/\/icrspmaurice.org\/index.php\/2022\/12\/03\/deuxieme-dimanche-de-lavent\/#primaryimage","url":"https:\/\/icrspmaurice.org\/wp-content\/uploads\/2022\/12\/saint-jean-baptiste-recadre.jpg","contentUrl":"https:\/\/icrspmaurice.org\/wp-content\/uploads\/2022\/12\/saint-jean-baptiste-recadre.jpg","width":1280,"height":785},{"@type":"BreadcrumbList","@id":"https:\/\/icrspmaurice.org\/index.php\/2022\/12\/03\/deuxieme-dimanche-de-lavent\/#breadcrumb","itemListElement":[{"@type":"ListItem","position":1,"name":"Accueil","item":"https:\/\/icrspmaurice.org\/"},{"@type":"ListItem","position":2,"name":"Deuxi\u00e8me dimanche de l&#8217;Avent"}]},{"@type":"WebSite","@id":"https:\/\/icrspmaurice.org\/#website","url":"https:\/\/icrspmaurice.org\/","name":"ICRSP MAURICE","description":"Ile Maurice","publisher":{"@id":"https:\/\/icrspmaurice.org\/#organization"},"potentialAction":[{"@type":"SearchAction","target":{"@type":"EntryPoint","urlTemplate":"https:\/\/icrspmaurice.org\/?s={search_term_string}"},"query-input":"required name=search_term_string"}],"inLanguage":"fr-FR"},{"@type":"Organization","@id":"https:\/\/icrspmaurice.org\/#organization","name":"ICRSP MAURICE","url":"https:\/\/icrspmaurice.org\/","logo":{"@type":"ImageObject","inLanguage":"fr-FR","@id":"https:\/\/icrspmaurice.org\/#\/schema\/logo\/image\/","url":"https:\/\/icrspmaurice.org\/wp-content\/uploads\/2021\/08\/Institute-Crest.png","contentUrl":"https:\/\/icrspmaurice.org\/wp-content\/uploads\/2021\/08\/Institute-Crest.png","width":288,"height":335,"caption":"ICRSP MAURICE"},"image":{"@id":"https:\/\/icrspmaurice.org\/#\/schema\/logo\/image\/"}},{"@type":"Person","@id":"https:\/\/icrspmaurice.org\/#\/schema\/person\/b51412607e2f2c680ab73987c9805de4","name":"Chanoine B Sigros","image":{"@type":"ImageObject","inLanguage":"fr-FR","@id":"https:\/\/icrspmaurice.org\/#\/schema\/person\/image\/","url":"https:\/\/secure.gravatar.com\/avatar\/fd1051165a20d855ed594564a6236ac5?s=96&d=mm&r=g","contentUrl":"https:\/\/secure.gravatar.com\/avatar\/fd1051165a20d855ed594564a6236ac5?s=96&d=mm&r=g","caption":"Chanoine B Sigros"},"url":"https:\/\/icrspmaurice.org\/index.php\/author\/bsigros\/"}]}},"_links":{"self":[{"href":"https:\/\/icrspmaurice.org\/index.php\/wp-json\/wp\/v2\/posts\/490"}],"collection":[{"href":"https:\/\/icrspmaurice.org\/index.php\/wp-json\/wp\/v2\/posts"}],"about":[{"href":"https:\/\/icrspmaurice.org\/index.php\/wp-json\/wp\/v2\/types\/post"}],"author":[{"embeddable":true,"href":"https:\/\/icrspmaurice.org\/index.php\/wp-json\/wp\/v2\/users\/3"}],"replies":[{"embeddable":true,"href":"https:\/\/icrspmaurice.org\/index.php\/wp-json\/wp\/v2\/comments?post=490"}],"version-history":[{"count":1,"href":"https:\/\/icrspmaurice.org\/index.php\/wp-json\/wp\/v2\/posts\/490\/revisions"}],"predecessor-version":[{"id":492,"href":"https:\/\/icrspmaurice.org\/index.php\/wp-json\/wp\/v2\/posts\/490\/revisions\/492"}],"wp:attachment":[{"href":"https:\/\/icrspmaurice.org\/index.php\/wp-json\/wp\/v2\/media?parent=490"}],"wp:term":[{"taxonomy":"category","embeddable":true,"href":"https:\/\/icrspmaurice.org\/index.php\/wp-json\/wp\/v2\/categories?post=490"},{"taxonomy":"post_tag","embeddable":true,"href":"https:\/\/icrspmaurice.org\/index.php\/wp-json\/wp\/v2\/tags?post=490"}],"curies":[{"name":"wp","href":"https:\/\/api.w.org\/{rel}","templated":true}]}}